{"id":992,"date":"2023-10-23T17:45:02","date_gmt":"2023-10-23T17:45:02","guid":{"rendered":"https:\/\/ampacamilojosecela.es\/?p=992"},"modified":"2023-10-23T17:53:07","modified_gmt":"2023-10-23T17:53:07","slug":"iniciativa-del-ampa-formacion-sobre-inclusion","status":"publish","type":"post","link":"https:\/\/ampacamilojosecela.es\/index.php\/2023\/10\/23\/iniciativa-del-ampa-formacion-sobre-inclusion\/","title":{"rendered":"Iniciativa del AMPA &#8211; Formaci\u00f3n sobre inclusi\u00f3n"},"content":{"rendered":"\n[et_pb_section fb_built=\u00bb1&#8243; _builder_version=\u00bb4.19.4&#8243; _module_preset=\u00bbdefault\u00bb global_colors_info=\u00bb{}\u00bb theme_builder_area=\u00bbpost_content\u00bb][et_pb_row _builder_version=\u00bb4.21.0&#8243; _module_preset=\u00bbdefault\u00bb global_colors_info=\u00bb{}\u00bb theme_builder_area=\u00bbpost_content\u00bb][et_pb_column type=\u00bb4_4&#8243; _builder_version=\u00bb4.21.0&#8243; _module_preset=\u00bbdefault\u00bb global_colors_info=\u00bb{}\u00bb theme_builder_area=\u00bbpost_content\u00bb][et_pb_text _builder_version=\u00bb4.21.0&#8243; _module_preset=\u00bbdefault\u00bb hover_enabled=\u00bb0&#8243; global_colors_info=\u00bb{}\u00bb theme_builder_area=\u00bbpost_content\u00bb sticky_enabled=\u00bb0&#8243;]<p>Queridas familias, <br \/>Tras varios meses de preparaci\u00f3n, nos complace compartir con vosotros que ma\u00f1ana 24 de octubre dar\u00e1 comienzo una iniciativa del AMPA para ofrecer una formaci\u00f3n te\u00f3rico-pr\u00e1ctica sobre procesos inclusivos en el contexto educativo.<br \/>Esta formaci\u00f3n estar\u00e1 dirigida al personal de comedor y de actividades extraescolares y contaremos con la asistencia de un total de 34 monitores y profesores.<br \/>Creemos firmemente en una inclusi\u00f3n pr\u00e1ctica y real en la que todos tenemos cabida y por ello, hemos decidido poner en marcha esta iniciativa, convirti\u00e9ndonos en el primer Centro de la Comunidad de Madrid que facilita una formaci\u00f3n de estas caracter\u00edsticas. <br \/>En ella se abordar\u00e1 c\u00f3mo favorecer la convivencia en estos espacios de nuestro alumnado, incluyendo a aquellos que presentan necesidades espec\u00edficas de apoyo educativo. <br \/>Agradecemos el apoyo del Equipo Directivo en esta iniciativa, a Agenda TGD y a todos aquellos que han sumado esfuerzos para seguir avanzando en este camino. Y por supuesto, agradecemos especialmente al personal del comedor y a todas las empresas de extraescolares que haciendo malabares en su d\u00eda a d\u00eda estar\u00e1n presentes recibiendo la formaci\u00f3n.<\/p>[\/et_pb_text][\/et_pb_column][\/et_pb_row][\/et_pb_section]\n","protected":false},"excerpt":{"rendered":"<p>Queridas familias, Tras varios meses de preparaci\u00f3n, nos complace compartir con vosotros que ma\u00f1ana 24 de octubre dar\u00e1 comienzo una iniciativa del AMPA para ofrecer una formaci\u00f3n te\u00f3rico-pr\u00e1ctica sobre procesos inclusivos en el contexto educativo.Esta formaci\u00f3n estar\u00e1 dirigida al personal de comedor y de actividades extraescolares y contaremos con la asistencia de un total de [&hellip;]<\/p>\n","protected":false},"author":1,"featured_media":995,"comment_status":"open","ping_status":"open","sticky":false,"template":"","format":"standard","meta":{"_et_pb_use_builder":"on","_et_pb_old_content":"","_et_gb_content_width":"1080","footnotes":""},"categories":[5],"tags":[],"class_list":["post-992","post","type-post","status-publish","format-standard","has-post-thumbnail","hentry","category-ultimas-noticias"],"_links":{"self":[{"href":"https:\/\/ampacamilojosecela.es\/index.php\/wp-json\/wp\/v2\/posts\/992","targetHints":{"allow":["GET"]}}],"collection":[{"href":"https:\/\/ampacamilojosecela.es\/index.php\/wp-json\/wp\/v2\/posts"}],"about":[{"href":"https:\/\/ampacamilojosecela.es\/index.php\/wp-json\/wp\/v2\/types\/post"}],"author":[{"embeddable":true,"href":"https:\/\/ampacamilojosecela.es\/index.php\/wp-json\/wp\/v2\/users\/1"}],"replies":[{"embeddable":true,"href":"https:\/\/ampacamilojosecela.es\/index.php\/wp-json\/wp\/v2\/comments?post=992"}],"version-history":[{"count":3,"href":"https:\/\/ampacamilojosecela.es\/index.php\/wp-json\/wp\/v2\/posts\/992\/revisions"}],"predecessor-version":[{"id":997,"href":"https:\/\/ampacamilojosecela.es\/index.php\/wp-json\/wp\/v2\/posts\/992\/revisions\/997"}],"wp:featuredmedia":[{"embeddable":true,"href":"https:\/\/ampacamilojosecela.es\/index.php\/wp-json\/wp\/v2\/media\/995"}],"wp:attachment":[{"href":"https:\/\/ampacamilojosecela.es\/index.php\/wp-json\/wp\/v2\/media?parent=992"}],"wp:term":[{"taxonomy":"category","embeddable":true,"href":"https:\/\/ampacamilojosecela.es\/index.php\/wp-json\/wp\/v2\/categories?post=992"},{"taxonomy":"post_tag","embeddable":true,"href":"https:\/\/ampacamilojosecela.es\/index.php\/wp-json\/wp\/v2\/tags?post=992"}],"curies":[{"name":"wp","href":"https:\/\/api.w.org\/{rel}","templated":true}]}}