{"id":988,"date":"2023-10-24T05:15:23","date_gmt":"2023-10-24T05:15:23","guid":{"rendered":"https:\/\/ampacamilojosecela.es\/?p=988"},"modified":"2023-11-12T13:30:24","modified_gmt":"2023-11-12T13:30:24","slug":"taller-sobre-inteligencia-emocional","status":"publish","type":"post","link":"https:\/\/ampacamilojosecela.es\/index.php\/2023\/10\/24\/taller-sobre-inteligencia-emocional\/","title":{"rendered":"TALLER SOBRE INTELIGENCIA EMOCIONAL"},"content":{"rendered":"<p>[et_pb_section fb_built=\u00bb1&#8243; _builder_version=\u00bb4.19.4&#8243; _module_preset=\u00bbdefault\u00bb global_colors_info=\u00bb{}\u00bb][et_pb_row column_structure=\u00bb1_2,1_2&#8243; _builder_version=\u00bb4.21.0&#8243; _module_preset=\u00bbdefault\u00bb hover_enabled=\u00bb0&#8243; global_colors_info=\u00bb{}\u00bb sticky_enabled=\u00bb0&#8243;][et_pb_column type=\u00bb1_2&#8243; _builder_version=\u00bb4.21.0&#8243; _module_preset=\u00bbdefault\u00bb global_colors_info=\u00bb{}\u00bb][et_pb_text _builder_version=\u00bb4.21.0&#8243; _module_preset=\u00bbdefault\u00bb hover_enabled=\u00bb0&#8243; global_colors_info=\u00bb{}\u00bb sticky_enabled=\u00bb0&#8243;]<\/p>\n<p><strong><\/strong><\/p>\n<p><strong><\/strong><\/p>\n<p><strong>TALLER DE INTELIGENCIA EMOCIONAL. VIERNES 17 DE NOVIEMBRE, 17:15 H., SALA DE PSICOMOTRICIDAD DEL COLEGIO, 1\u00ba PLANTA (PLAZAS LIMITADAS).<\/strong><\/p>\n<p>&nbsp;<\/p>\n<p>Inteligencia emocional es un constructo que se refiere a la capacidad de los individuos para reconocer sus propias emociones y las de los dem\u00e1s, discernir entre diferentes sentimientos y etiquetarlos apropiadamente, utilizar informaci\u00f3n emocional para guiar el pensamiento y la conducta, y administrar o ajustar las emociones para adaptarse al ambiente o conseguir objetivos.<\/p>\n<p>Con este encuentro sobre inteligencia emocional pretendemos llevar a cabo una reflexi\u00f3n sobre las competencias emocionales que tenemos como personas y familias.<\/p>\n<p>Queremos que sea una sesi\u00f3n participativa para poder conocer nuestras propias emociones y gestionarlas, adem\u00e1s de identificar las del resto para poder convivir, con algunas nociones te\u00f3ricas y pr\u00e1cticas.<\/p>\n<p>Impartir\u00e1 la sesi\u00f3n Teresa Moro, madre del cole y pedagoga en la Fundaci\u00f3n Balia. (enlace) <a href=\"https:\/\/fundacionbalia.org\/\">https:\/\/fundacionbalia.org\/<\/a><\/p>\n<p>Las plazas son limitadas a 20-25 personas para poder ofrecer una charla-taller participativa con la intervenci\u00f3n de todas y todos. Especifica si har\u00e1s uso del <strong>servicio de guarder\u00eda gratuito<\/strong> (a cargo de Facei) mientras dure la sesi\u00f3n. (Recordamos que las actividades impartidas por familias del cole no son retribuidas; se imparten por personas voluntarias.)<\/p>\n<p><span style=\"color: #ff0000;\">\u00a1Inscripci\u00f3n cerrada! Si te has quedado sin plaza y te interesar\u00eda asistir a otra sesi\u00f3n, ponte en contacto con nosotros en ampa.camilojc@gmail.com para formar otro grupo m\u00e1s adelante.<\/span><\/p>\n<p>\u00a1Te esperamos!<\/p>\n<p>[\/et_pb_text][\/et_pb_column][et_pb_column type=\u00bb1_2&#8243; _builder_version=\u00bb4.21.0&#8243; _module_preset=\u00bbdefault\u00bb global_colors_info=\u00bb{}\u00bb][et_pb_image src=\u00bbhttps:\/\/ampacamilojosecela.es\/wp-content\/uploads\/2023\/10\/WhatsApp-Image-2023-10-23-at-13.47.15.jpeg\u00bb title_text=\u00bbWhatsApp Image 2023-10-23 at 13.47.15&#8243; _builder_version=\u00bb4.21.0&#8243; _module_preset=\u00bbdefault\u00bb global_colors_info=\u00bb{}\u00bb][\/et_pb_image][\/et_pb_column][\/et_pb_row][\/et_pb_section]<\/p>\n","protected":false},"excerpt":{"rendered":"<p>TALLER DE INTELIGENCIA EMOCIONAL. VIERNES 17 DE NOVIEMBRE, 17:15 H., SALA DE PSICOMOTRICIDAD DEL COLEGIO, 1\u00ba PLANTA (PLAZAS LIMITADAS). &nbsp; Inteligencia emocional es un constructo que se refiere a la capacidad de los individuos para reconocer sus propias emociones y las de los dem\u00e1s, discernir entre diferentes sentimientos y etiquetarlos apropiadamente, utilizar informaci\u00f3n emocional para [&hellip;]<\/p>\n","protected":false},"author":1,"featured_media":989,"comment_status":"open","ping_status":"open","sticky":false,"template":"","format":"standard","meta":{"_et_pb_use_builder":"on","_et_pb_old_content":"","_et_gb_content_width":"1080","footnotes":""},"categories":[5],"tags":[],"class_list":["post-988","post","type-post","status-publish","format-standard","has-post-thumbnail","hentry","category-ultimas-noticias"],"_links":{"self":[{"href":"https:\/\/ampacamilojosecela.es\/index.php\/wp-json\/wp\/v2\/posts\/988","targetHints":{"allow":["GET"]}}],"collection":[{"href":"https:\/\/ampacamilojosecela.es\/index.php\/wp-json\/wp\/v2\/posts"}],"about":[{"href":"https:\/\/ampacamilojosecela.es\/index.php\/wp-json\/wp\/v2\/types\/post"}],"author":[{"embeddable":true,"href":"https:\/\/ampacamilojosecela.es\/index.php\/wp-json\/wp\/v2\/users\/1"}],"replies":[{"embeddable":true,"href":"https:\/\/ampacamilojosecela.es\/index.php\/wp-json\/wp\/v2\/comments?post=988"}],"version-history":[{"count":6,"href":"https:\/\/ampacamilojosecela.es\/index.php\/wp-json\/wp\/v2\/posts\/988\/revisions"}],"predecessor-version":[{"id":1041,"href":"https:\/\/ampacamilojosecela.es\/index.php\/wp-json\/wp\/v2\/posts\/988\/revisions\/1041"}],"wp:featuredmedia":[{"embeddable":true,"href":"https:\/\/ampacamilojosecela.es\/index.php\/wp-json\/wp\/v2\/media\/989"}],"wp:attachment":[{"href":"https:\/\/ampacamilojosecela.es\/index.php\/wp-json\/wp\/v2\/media?parent=988"}],"wp:term":[{"taxonomy":"category","embeddable":true,"href":"https:\/\/ampacamilojosecela.es\/index.php\/wp-json\/wp\/v2\/categories?post=988"},{"taxonomy":"post_tag","embeddable":true,"href":"https:\/\/ampacamilojosecela.es\/index.php\/wp-json\/wp\/v2\/tags?post=988"}],"curies":[{"name":"wp","href":"https:\/\/api.w.org\/{rel}","templated":true}]}}