{"id":968,"date":"2023-10-11T15:00:18","date_gmt":"2023-10-11T15:00:18","guid":{"rendered":"https:\/\/ampacamilojosecela.es\/?p=968"},"modified":"2023-10-11T15:00:19","modified_gmt":"2023-10-11T15:00:19","slug":"11-de-octubre-dia-internacional-de-la-nina","status":"publish","type":"post","link":"https:\/\/ampacamilojosecela.es\/index.php\/2023\/10\/11\/11-de-octubre-dia-internacional-de-la-nina\/","title":{"rendered":"11 de octubre D\u00eda Internacional de la Ni\u00f1a"},"content":{"rendered":"\n[et_pb_section fb_built=\u00bb1&#8243; _builder_version=\u00bb4.19.4&#8243; _module_preset=\u00bbdefault\u00bb global_colors_info=\u00bb{}\u00bb theme_builder_area=\u00bbpost_content\u00bb][et_pb_row _builder_version=\u00bb4.19.4&#8243; _module_preset=\u00bbdefault\u00bb global_colors_info=\u00bb{}\u00bb theme_builder_area=\u00bbpost_content\u00bb][et_pb_column type=\u00bb4_4&#8243; _builder_version=\u00bb4.19.4&#8243; _module_preset=\u00bbdefault\u00bb global_colors_info=\u00bb{}\u00bb theme_builder_area=\u00bbpost_content\u00bb][et_pb_text _builder_version=\u00bb4.21.0&#8243; _module_preset=\u00bbdefault\u00bb hover_enabled=\u00bb0&#8243; global_colors_info=\u00bb{}\u00bb theme_builder_area=\u00bbpost_content\u00bb link_option_url=\u00bbhttps:\/\/youtu.be\/I0aAYFBwue4?si=vxhyvl0bWknDC3lN\u00bb sticky_enabled=\u00bb0&#8243;]<p class=\"im_message_text\" dir=\"auto\"><span>El <strong>11 de octubre se celebra el D\u00eda Internacional de la Ni\u00f1a<\/strong> a propuesta de la UNESCO y desde el AMPA nos sumamos a esta conmemoraci\u00f3n.<\/span><br \/><span>\u00abHagamos posible que las ni\u00f1as sean las l\u00edderes, que sean parte del cambio; escuch\u00e9moslas, demos respuesta a sus peticiones y hag\u00e1moslas part\u00edcipes de los espacios de toma de decisiones.\u00bb<\/span><\/p>\n<p class=\"im_message_text\" dir=\"auto\"><span><\/span><\/p>\n<p><iframe loading=\"lazy\" title=\"La Brecha de sue\u00f1os\" width=\"1080\" height=\"608\" src=\"https:\/\/www.youtube.com\/embed\/I0aAYFBwue4?feature=oembed\"  allow=\"accelerometer; autoplay; clipboard-write; encrypted-media; gyroscope; picture-in-picture; web-share\" allowfullscreen><\/iframe><\/p>[\/et_pb_text][et_pb_video src=\u00bbhttps:\/\/youtu.be\/I0aAYFBwue4?si=vxhyvl0bWknDC3lN\u00bb _builder_version=\u00bb4.21.0&#8243; _module_preset=\u00bbdefault\u00bb theme_builder_area=\u00bbpost_content\u00bb hover_enabled=\u00bb0&#8243; sticky_enabled=\u00bb0&#8243;][\/et_pb_video][\/et_pb_column][\/et_pb_row][\/et_pb_section]\n","protected":false},"excerpt":{"rendered":"<p>El 11 de octubre se celebra el D\u00eda Internacional de la Ni\u00f1a a propuesta de la UNESCO y desde el AMPA nos sumamos a esta conmemoraci\u00f3n.\u00bbHagamos posible que las ni\u00f1as sean las l\u00edderes, que sean parte del cambio; escuch\u00e9moslas, demos respuesta a sus peticiones y hag\u00e1moslas part\u00edcipes de los espacios de toma de decisiones.\u00bb https:\/\/youtu.be\/I0aAYFBwue4?si=vxhyvl0bWknDC3lN<\/p>\n","protected":false},"author":1,"featured_media":972,"comment_status":"open","ping_status":"open","sticky":false,"template":"","format":"standard","meta":{"_et_pb_use_builder":"on","_et_pb_old_content":"","_et_gb_content_width":"1080","footnotes":""},"categories":[5],"tags":[],"class_list":["post-968","post","type-post","status-publish","format-standard","has-post-thumbnail","hentry","category-ultimas-noticias"],"_links":{"self":[{"href":"https:\/\/ampacamilojosecela.es\/index.php\/wp-json\/wp\/v2\/posts\/968","targetHints":{"allow":["GET"]}}],"collection":[{"href":"https:\/\/ampacamilojosecela.es\/index.php\/wp-json\/wp\/v2\/posts"}],"about":[{"href":"https:\/\/ampacamilojosecela.es\/index.php\/wp-json\/wp\/v2\/types\/post"}],"author":[{"embeddable":true,"href":"https:\/\/ampacamilojosecela.es\/index.php\/wp-json\/wp\/v2\/users\/1"}],"replies":[{"embeddable":true,"href":"https:\/\/ampacamilojosecela.es\/index.php\/wp-json\/wp\/v2\/comments?post=968"}],"version-history":[{"count":3,"href":"https:\/\/ampacamilojosecela.es\/index.php\/wp-json\/wp\/v2\/posts\/968\/revisions"}],"predecessor-version":[{"id":973,"href":"https:\/\/ampacamilojosecela.es\/index.php\/wp-json\/wp\/v2\/posts\/968\/revisions\/973"}],"wp:featuredmedia":[{"embeddable":true,"href":"https:\/\/ampacamilojosecela.es\/index.php\/wp-json\/wp\/v2\/media\/972"}],"wp:attachment":[{"href":"https:\/\/ampacamilojosecela.es\/index.php\/wp-json\/wp\/v2\/media?parent=968"}],"wp:term":[{"taxonomy":"category","embeddable":true,"href":"https:\/\/ampacamilojosecela.es\/index.php\/wp-json\/wp\/v2\/categories?post=968"},{"taxonomy":"post_tag","embeddable":true,"href":"https:\/\/ampacamilojosecela.es\/index.php\/wp-json\/wp\/v2\/tags?post=968"}],"curies":[{"name":"wp","href":"https:\/\/api.w.org\/{rel}","templated":true}]}}