{"id":954,"date":"2023-10-09T09:19:59","date_gmt":"2023-10-09T09:19:59","guid":{"rendered":"https:\/\/ampacamilojosecela.es\/?p=954"},"modified":"2023-10-09T09:19:59","modified_gmt":"2023-10-09T09:19:59","slug":"participa-en-la-comision-de-fiestas","status":"publish","type":"post","link":"https:\/\/ampacamilojosecela.es\/index.php\/2023\/10\/09\/participa-en-la-comision-de-fiestas\/","title":{"rendered":"\u00a1PARTICIPA EN LA COMISI\u00d3N DE FIESTAS!"},"content":{"rendered":"<p>[et_pb_section fb_built=\u00bb1&#8243; _builder_version=\u00bb4.19.4&#8243; _module_preset=\u00bbdefault\u00bb global_colors_info=\u00bb{}\u00bb][et_pb_row _builder_version=\u00bb4.19.4&#8243; _module_preset=\u00bbdefault\u00bb global_colors_info=\u00bb{}\u00bb][et_pb_column type=\u00bb4_4&#8243; _builder_version=\u00bb4.19.4&#8243; _module_preset=\u00bbdefault\u00bb global_colors_info=\u00bb{}\u00bb][et_pb_text _builder_version=\u00bb4.21.0&#8243; _module_preset=\u00bbdefault\u00bb hover_enabled=\u00bb0&#8243; global_colors_info=\u00bb{}\u00bb sticky_enabled=\u00bb0&#8243;]<\/p>\n<h2 class=\"im_message_text\" dir=\"auto\"><span>Aprovechamos tambi\u00e9n para pedir vuestra colaboraci\u00f3n:<\/span><\/h2>\n<p class=\"im_message_text\" dir=\"auto\"><span> Estamos preparando la fiesta de Halloween para el pr\u00f3ximo viernes 27 de octubre. Desde el AMPA nos gustar\u00eda empezar a hacer las fiestas m\u00e1s colaborativas y que todas las familias con ganas de participar o aportar, puedan hacerlo. A trav\u00e9s de talleres, juegos, mercadillos, actividades para peque\u00f1os y mayores.<strong> \u00a1Contactad con nosotros si quer\u00e9is participar para hacer una fiesta de todas y todos!<\/strong><\/span><\/p>\n<p class=\"im_message_text\" dir=\"auto\"><span><strong><\/strong><\/span><\/p>\n<p class=\"im_message_text\" dir=\"auto\"><span><strong>Contacto Comisi\u00f3n de fiestas: <a href=\"https:\/\/t.me\/+0oPF0HIBhqc2Yzhk\" title=\"https:\/\/t.me\/+0oPF0HIBhqc2Yzhk\" target=\"_blank\" rel=\"noopener noreferrer\" class=\"text-entity-link\" dir=\"auto\" data-entity-type=\"MessageEntityUrl\">https:\/\/t.me\/+0oPF0HIBhqc2Yzhk<\/a><\/strong><\/span><\/p>\n<p>[\/et_pb_text][et_pb_image src=\u00bbhttps:\/\/ampacamilojosecela.es\/wp-content\/uploads\/2023\/10\/7c6dbc1c-cb7c-44ab-b9b3-d65e4640a45a.jpg\u00bb title_text=\u00bb7c6dbc1c-cb7c-44ab-b9b3-d65e4640a45a\u00bb _builder_version=\u00bb4.21.0&#8243; _module_preset=\u00bbdefault\u00bb global_colors_info=\u00bb{}\u00bb][\/et_pb_image][\/et_pb_column][\/et_pb_row][\/et_pb_section]<\/p>\n","protected":false},"excerpt":{"rendered":"<p>Aprovechamos tambi\u00e9n para pedir vuestra colaboraci\u00f3n: Estamos preparando la fiesta de Halloween para el pr\u00f3ximo viernes 27 de octubre. Desde el AMPA nos gustar\u00eda empezar a hacer las fiestas m\u00e1s colaborativas y que todas las familias con ganas de participar o aportar, puedan hacerlo. A trav\u00e9s de talleres, juegos, mercadillos, actividades para peque\u00f1os y mayores. [&hellip;]<\/p>\n","protected":false},"author":1,"featured_media":959,"comment_status":"closed","ping_status":"closed","sticky":false,"template":"","format":"standard","meta":{"_et_pb_use_builder":"on","_et_pb_old_content":"","_et_gb_content_width":"1080","footnotes":""},"categories":[5],"tags":[],"class_list":["post-954","post","type-post","status-publish","format-standard","has-post-thumbnail","hentry","category-ultimas-noticias"],"_links":{"self":[{"href":"https:\/\/ampacamilojosecela.es\/index.php\/wp-json\/wp\/v2\/posts\/954","targetHints":{"allow":["GET"]}}],"collection":[{"href":"https:\/\/ampacamilojosecela.es\/index.php\/wp-json\/wp\/v2\/posts"}],"about":[{"href":"https:\/\/ampacamilojosecela.es\/index.php\/wp-json\/wp\/v2\/types\/post"}],"author":[{"embeddable":true,"href":"https:\/\/ampacamilojosecela.es\/index.php\/wp-json\/wp\/v2\/users\/1"}],"replies":[{"embeddable":true,"href":"https:\/\/ampacamilojosecela.es\/index.php\/wp-json\/wp\/v2\/comments?post=954"}],"version-history":[{"count":4,"href":"https:\/\/ampacamilojosecela.es\/index.php\/wp-json\/wp\/v2\/posts\/954\/revisions"}],"predecessor-version":[{"id":961,"href":"https:\/\/ampacamilojosecela.es\/index.php\/wp-json\/wp\/v2\/posts\/954\/revisions\/961"}],"wp:featuredmedia":[{"embeddable":true,"href":"https:\/\/ampacamilojosecela.es\/index.php\/wp-json\/wp\/v2\/media\/959"}],"wp:attachment":[{"href":"https:\/\/ampacamilojosecela.es\/index.php\/wp-json\/wp\/v2\/media?parent=954"}],"wp:term":[{"taxonomy":"category","embeddable":true,"href":"https:\/\/ampacamilojosecela.es\/index.php\/wp-json\/wp\/v2\/categories?post=954"},{"taxonomy":"post_tag","embeddable":true,"href":"https:\/\/ampacamilojosecela.es\/index.php\/wp-json\/wp\/v2\/tags?post=954"}],"curies":[{"name":"wp","href":"https:\/\/api.w.org\/{rel}","templated":true}]}}