{"id":909,"date":"2023-09-06T12:03:52","date_gmt":"2023-09-06T12:03:52","guid":{"rendered":"https:\/\/ampacamilojosecela.es\/?p=909"},"modified":"2023-09-06T12:03:52","modified_gmt":"2023-09-06T12:03:52","slug":"reunion-informativa-de-extraescolares-dia-11-de-septiembre-a-las-16-10-en-aula-psicomotricidad","status":"publish","type":"post","link":"https:\/\/ampacamilojosecela.es\/index.php\/2023\/09\/06\/reunion-informativa-de-extraescolares-dia-11-de-septiembre-a-las-16-10-en-aula-psicomotricidad\/","title":{"rendered":"REUNI\u00d3N INFORMATIVA DE EXTRAESCOLARES DIA 11 DE SEPTIEMBRE A LAS 16.10 EN AULA PSICOMOTRICIDAD"},"content":{"rendered":"\n[et_pb_section fb_built=\u00bb1&#8243; _builder_version=\u00bb4.19.4&#8243; _module_preset=\u00bbdefault\u00bb global_colors_info=\u00bb{}\u00bb][et_pb_row _builder_version=\u00bb4.19.4&#8243; _module_preset=\u00bbdefault\u00bb global_colors_info=\u00bb{}\u00bb][et_pb_column type=\u00bb4_4&#8243; _builder_version=\u00bb4.19.4&#8243; _module_preset=\u00bbdefault\u00bb global_colors_info=\u00bb{}\u00bb][et_pb_text _builder_version=\u00bb4.21.0&#8243; _module_preset=\u00bbdefault\u00bb hover_enabled=\u00bb0&#8243; global_colors_info=\u00bb{}\u00bb sticky_enabled=\u00bb0&#8243;]<div class=\"im_message_text\" dir=\"auto\"><\/div>\n<div class=\"im_message_text\" dir=\"auto\"><\/div>\n<div class=\"im_message_text\" dir=\"auto\"><span style=\"color: #3366ff;\">La reuni\u00f3n informativa sobre las actividades extraescolares se realizar\u00e1 el d\u00eda 11 de Septiembre a las 14.10 en el aula de Psicomotricidad del centro.<\/span><\/div>\n<div class=\"im_message_text\" dir=\"auto\"><span style=\"color: #3366ff;\"><\/span><\/div>\n<div class=\"im_message_text\" dir=\"auto\">\n<div class=\"im_message_text\" dir=\"auto\"><strong>PLAZOS DE INSCRIPCI\u00d3N:<\/strong><\/div>\n<div class=\"im_message_text\" dir=\"auto\"><span style=\"color: #ff0000;\">Fecha l\u00edmite 16 de Septiembre a las 14.00<\/span><\/div>\n<\/div>\n<div class=\"im_message_text\" dir=\"auto\"><\/div>\n<div class=\"im_message_text\" dir=\"auto\"><span style=\"color: #ff0000;\">Os recordamos que desde el d\u00eda 16 de Septiembre y hasta el 15 de Octubre, no se admitir\u00e1n nuevas inscripciones, y las que se admitan entre el 15 de octubre y el 31 de octubre se har\u00e1n efectivas el 1 de Noviembre.<\/span><\/div>\n<div class=\"im_message_text\" dir=\"auto\"><\/div>\n<div class=\"im_message_media\" my-message-media=\"media\" message-id=\"messageId\">\n<div ng-switch=\"::media._\">\n<div ng-switch-when=\"messageMediaWebPage\" my-message-webpage=\"media\" message-id=\"messageId\"><\/div>\n<\/div>\n<\/div>\n<p>&nbsp;<\/p>[\/et_pb_text][et_pb_button button_url=\u00bb@ET-DC@eyJkeW5hbWljIjp0cnVlLCJjb250ZW50IjoicG9zdF9saW5rX3VybF9wYWdlIiwic2V0dGluZ3MiOnsicG9zdF9pZCI6IjMzMyJ9fQ==@\u00bb url_new_window=\u00bbon\u00bb button_text=\u00bbENLACE A FORMULARIO DE INSCRIPCI\u00d3N A ACTIVIDADES EXTRAESCOLARES DEL CURSO 23-24&#8243; _builder_version=\u00bb4.21.0&#8243; _dynamic_attributes=\u00bbbutton_url\u00bb _module_preset=\u00bbdefault\u00bb global_colors_info=\u00bb{}\u00bb][\/et_pb_button][\/et_pb_column][\/et_pb_row][\/et_pb_section]\n","protected":false},"excerpt":{"rendered":"<p>La reuni\u00f3n informativa sobre las actividades extraescolares se realizar\u00e1 el d\u00eda 11 de Septiembre a las 14.10 en el aula de Psicomotricidad del centro. PLAZOS DE INSCRIPCI\u00d3N: Fecha l\u00edmite 16 de Septiembre a las 14.00 Os recordamos que desde el d\u00eda 16 de Septiembre y hasta el 15 de Octubre, no se admitir\u00e1n nuevas inscripciones, [&hellip;]<\/p>\n","protected":false},"author":1,"featured_media":0,"comment_status":"closed","ping_status":"closed","sticky":false,"template":"","format":"standard","meta":{"_et_pb_use_builder":"on","_et_pb_old_content":"","_et_gb_content_width":"","footnotes":""},"categories":[5],"tags":[],"class_list":["post-909","post","type-post","status-publish","format-standard","hentry","category-ultimas-noticias"],"_links":{"self":[{"href":"https:\/\/ampacamilojosecela.es\/index.php\/wp-json\/wp\/v2\/posts\/909","targetHints":{"allow":["GET"]}}],"collection":[{"href":"https:\/\/ampacamilojosecela.es\/index.php\/wp-json\/wp\/v2\/posts"}],"about":[{"href":"https:\/\/ampacamilojosecela.es\/index.php\/wp-json\/wp\/v2\/types\/post"}],"author":[{"embeddable":true,"href":"https:\/\/ampacamilojosecela.es\/index.php\/wp-json\/wp\/v2\/users\/1"}],"replies":[{"embeddable":true,"href":"https:\/\/ampacamilojosecela.es\/index.php\/wp-json\/wp\/v2\/comments?post=909"}],"version-history":[{"count":3,"href":"https:\/\/ampacamilojosecela.es\/index.php\/wp-json\/wp\/v2\/posts\/909\/revisions"}],"predecessor-version":[{"id":912,"href":"https:\/\/ampacamilojosecela.es\/index.php\/wp-json\/wp\/v2\/posts\/909\/revisions\/912"}],"wp:attachment":[{"href":"https:\/\/ampacamilojosecela.es\/index.php\/wp-json\/wp\/v2\/media?parent=909"}],"wp:term":[{"taxonomy":"category","embeddable":true,"href":"https:\/\/ampacamilojosecela.es\/index.php\/wp-json\/wp\/v2\/categories?post=909"},{"taxonomy":"post_tag","embeddable":true,"href":"https:\/\/ampacamilojosecela.es\/index.php\/wp-json\/wp\/v2\/tags?post=909"}],"curies":[{"name":"wp","href":"https:\/\/api.w.org\/{rel}","templated":true}]}}