{"id":890,"date":"2023-06-27T07:09:16","date_gmt":"2023-06-27T07:09:16","guid":{"rendered":"https:\/\/ampacamilojosecela.es\/?p=890"},"modified":"2023-06-27T08:24:12","modified_gmt":"2023-06-27T08:24:12","slug":"abierta-inscripcion-a-extraescolares-23-24","status":"publish","type":"post","link":"https:\/\/ampacamilojosecela.es\/index.php\/2023\/06\/27\/abierta-inscripcion-a-extraescolares-23-24\/","title":{"rendered":"ABIERTA INSCRIPCI\u00d3N A EXTRAESCOLARES 23-24"},"content":{"rendered":"<p>[et_pb_section fb_built=\u00bb1&#8243; _builder_version=\u00bb4.19.4&#8243; _module_preset=\u00bbdefault\u00bb global_colors_info=\u00bb{}\u00bb][et_pb_row _builder_version=\u00bb4.19.4&#8243; _module_preset=\u00bbdefault\u00bb global_colors_info=\u00bb{}\u00bb][et_pb_column type=\u00bb4_4&#8243; _builder_version=\u00bb4.19.4&#8243; _module_preset=\u00bbdefault\u00bb global_colors_info=\u00bb{}\u00bb][et_pb_text _builder_version=\u00bb4.21.0&#8243; _module_preset=\u00bbdefault\u00bb hover_enabled=\u00bb0&#8243; global_colors_info=\u00bb{}\u00bb sticky_enabled=\u00bb0&#8243;]<\/p>\n<div class=\"im_message_text\" dir=\"auto\"><strong>ABIERTA LA INSCRIPCI\u00d3N A LAS ACTIVIDADES EXTRAESCOLARES DEL PR\u00d3XIMO CURSO 23-24.<\/strong><\/div>\n<div class=\"im_message_text\" dir=\"auto\"><\/div>\n<div class=\"im_message_text\" dir=\"auto\"><strong>PLAZOS DE INSCRIPCI\u00d3N:<\/strong><\/div>\n<div class=\"im_message_text\" dir=\"auto\">INGL\u00c9S DE FUN LEARNING CON COMIENZO EN SEPTIEMBRE: <span style=\"color: #ff0000;\">Fecha l\u00edmite 31 de Agosto<\/span><\/div>\n<div class=\"im_message_text\" dir=\"auto\">INGL\u00c9S de FUN LEARNING CON COMIENZO EN OCTUBRE: <span style=\"color: #ff0000;\">Fecha l\u00edmite 16 de Septiembre a las 14.00<\/span><\/div>\n<div class=\"im_message_text\" dir=\"auto\">RESTO DE ACTIVIDADES : <span style=\"color: #ff0000;\">Fecha l\u00edmite 16 de Septiembre a las 14.00<\/span><\/div>\n<div class=\"im_message_text\" dir=\"auto\"><\/div>\n<div class=\"im_message_text\" dir=\"auto\"><span style=\"color: #3366ff;\">La reuni\u00f3n informativa sobre las actividades extraescolares se realizar\u00e1 el d\u00eda 11 de Septiembre a las 14.10 en el comedor del centro.<\/span><\/div>\n<div class=\"im_message_text\" dir=\"auto\"><\/div>\n<div class=\"im_message_text\" dir=\"auto\"><span style=\"color: #ff0000;\">Os recordamos que desde el d\u00eda 16 de Septiembre y hasta el 15 de Octubre, no se admitir\u00e1n nuevas inscripciones, y las que se admitan entre el 15 de octubre y el 31 de octubre se har\u00e1n efectivas el 1 de Noviembre.<\/span><\/div>\n<div class=\"im_message_text\" dir=\"auto\"><\/div>\n<div class=\"im_message_media\" my-message-media=\"media\" message-id=\"messageId\">\n<div ng-switch=\"::media._\">\n<div ng-switch-when=\"messageMediaWebPage\" my-message-webpage=\"media\" message-id=\"messageId\">\n<div ng-show=\"media.webpage._ == 'webPage'\" class=\"im_message_webpage_wrap clearfix\" ng-switch=\"media.webpage.type\"><\/div>\n<\/div>\n<\/div>\n<\/div>\n<p><strong>Aquellas familias que no sep\u00e1is en qu\u00e9 grupo est\u00e1is el curso que viene A o B, podr\u00e9is verlo a partir de la primera semana de Julio en RA\u00cdCES-ROBLE.<\/strong><\/p>\n<p>&nbsp;<\/p>\n<p>[\/et_pb_text][et_pb_button button_url=\u00bb@ET-DC@eyJkeW5hbWljIjp0cnVlLCJjb250ZW50IjoicG9zdF9saW5rX3VybF9wYWdlIiwic2V0dGluZ3MiOnsicG9zdF9pZCI6IjMzMyJ9fQ==@\u00bb url_new_window=\u00bbon\u00bb button_text=\u00bbENLACE A FORMULARIO DE INSCRIPCI\u00d3N A ACTIVIDADES EXTRAESCOLARES DEL CURSO 23-24&#8243; _builder_version=\u00bb4.21.0&#8243; _dynamic_attributes=\u00bbbutton_url\u00bb _module_preset=\u00bbdefault\u00bb global_colors_info=\u00bb{}\u00bb][\/et_pb_button][\/et_pb_column][\/et_pb_row][\/et_pb_section]<\/p>\n","protected":false},"excerpt":{"rendered":"<p>ABIERTA LA INSCRIPCI\u00d3N A LAS ACTIVIDADES EXTRAESCOLARES DEL PR\u00d3XIMO CURSO 23-24. PLAZOS DE INSCRIPCI\u00d3N: INGL\u00c9S DE FUN LEARNING CON COMIENZO EN SEPTIEMBRE: Fecha l\u00edmite 31 de Agosto INGL\u00c9S de FUN LEARNING CON COMIENZO EN OCTUBRE: Fecha l\u00edmite 16 de Septiembre a las 14.00 RESTO DE ACTIVIDADES : Fecha l\u00edmite 16 de Septiembre a las 14.00 [&hellip;]<\/p>\n","protected":false},"author":1,"featured_media":883,"comment_status":"closed","ping_status":"closed","sticky":false,"template":"","format":"standard","meta":{"_et_pb_use_builder":"on","_et_pb_old_content":"","_et_gb_content_width":"","footnotes":""},"categories":[5],"tags":[],"class_list":["post-890","post","type-post","status-publish","format-standard","has-post-thumbnail","hentry","category-ultimas-noticias"],"_links":{"self":[{"href":"https:\/\/ampacamilojosecela.es\/index.php\/wp-json\/wp\/v2\/posts\/890","targetHints":{"allow":["GET"]}}],"collection":[{"href":"https:\/\/ampacamilojosecela.es\/index.php\/wp-json\/wp\/v2\/posts"}],"about":[{"href":"https:\/\/ampacamilojosecela.es\/index.php\/wp-json\/wp\/v2\/types\/post"}],"author":[{"embeddable":true,"href":"https:\/\/ampacamilojosecela.es\/index.php\/wp-json\/wp\/v2\/users\/1"}],"replies":[{"embeddable":true,"href":"https:\/\/ampacamilojosecela.es\/index.php\/wp-json\/wp\/v2\/comments?post=890"}],"version-history":[{"count":4,"href":"https:\/\/ampacamilojosecela.es\/index.php\/wp-json\/wp\/v2\/posts\/890\/revisions"}],"predecessor-version":[{"id":895,"href":"https:\/\/ampacamilojosecela.es\/index.php\/wp-json\/wp\/v2\/posts\/890\/revisions\/895"}],"wp:featuredmedia":[{"embeddable":true,"href":"https:\/\/ampacamilojosecela.es\/index.php\/wp-json\/wp\/v2\/media\/883"}],"wp:attachment":[{"href":"https:\/\/ampacamilojosecela.es\/index.php\/wp-json\/wp\/v2\/media?parent=890"}],"wp:term":[{"taxonomy":"category","embeddable":true,"href":"https:\/\/ampacamilojosecela.es\/index.php\/wp-json\/wp\/v2\/categories?post=890"},{"taxonomy":"post_tag","embeddable":true,"href":"https:\/\/ampacamilojosecela.es\/index.php\/wp-json\/wp\/v2\/tags?post=890"}],"curies":[{"name":"wp","href":"https:\/\/api.w.org\/{rel}","templated":true}]}}