{"id":866,"date":"2023-06-01T10:30:21","date_gmt":"2023-06-01T10:30:21","guid":{"rendered":"https:\/\/ampacamilojosecela.es\/?p=866"},"modified":"2023-06-01T10:30:21","modified_gmt":"2023-06-01T10:30:21","slug":"final-copa-primavera-tucutucu-benjamin","status":"publish","type":"post","link":"https:\/\/ampacamilojosecela.es\/index.php\/2023\/06\/01\/final-copa-primavera-tucutucu-benjamin\/","title":{"rendered":"FINAL COPA PRIMAVERA TUCUTUCU Benjam\u00edn"},"content":{"rendered":"<p>[et_pb_section fb_built=\u00bb1&#8243; _builder_version=\u00bb4.19.4&#8243; _module_preset=\u00bbdefault\u00bb global_colors_info=\u00bb{}\u00bb][et_pb_row _builder_version=\u00bb4.19.4&#8243; _module_preset=\u00bbdefault\u00bb global_colors_info=\u00bb{}\u00bb][et_pb_column type=\u00bb4_4&#8243; _builder_version=\u00bb4.19.4&#8243; _module_preset=\u00bbdefault\u00bb global_colors_info=\u00bb{}\u00bb][et_pb_text _builder_version=\u00bb4.21.0&#8243; _module_preset=\u00bbdefault\u00bb global_colors_info=\u00bb{}\u00bb]<\/p>\n<div class=\"im_message_text\" dir=\"auto\">El equipo de baloncesto del Camilo de 4\u00ba de primaria ha llegado a la final de la \u00abCopa Primavera Benjam\u00edn\u00bb, que se celebrar\u00e1 este s\u00e1bado. Les mandamos todo nuestro \u00e1nimo y sobre todo, que lo disfruten.<\/div>\n<div class=\"im_message_media\" my-message-media=\"media\" message-id=\"messageId\">\n<div ng-switch=\"::media._\">\n<div ng-switch-when=\"messageMediaWebPage\" my-message-webpage=\"media\" message-id=\"messageId\">\n<div ng-show=\"media.webpage._ == 'webPage'\" class=\"im_message_webpage_wrap clearfix\" ng-switch=\"media.webpage.type\">\n<div ng-switch-default=\"\" class=\"im_message_webpage_article\"><\/div>\n<\/div>\n<\/div>\n<\/div>\n<\/div>\n<p>&nbsp;<\/p>\n<p>&nbsp;<\/p>\n<p>[\/et_pb_text][\/et_pb_column][\/et_pb_row][\/et_pb_section]<\/p>\n","protected":false},"excerpt":{"rendered":"<p>El equipo de baloncesto del Camilo de 4\u00ba de primaria ha llegado a la final de la \u00abCopa Primavera Benjam\u00edn\u00bb, que se celebrar\u00e1 este s\u00e1bado. Les mandamos todo nuestro \u00e1nimo y sobre todo, que lo disfruten. &nbsp; &nbsp;<\/p>\n","protected":false},"author":1,"featured_media":867,"comment_status":"closed","ping_status":"closed","sticky":false,"template":"","format":"standard","meta":{"_et_pb_use_builder":"on","_et_pb_old_content":"","_et_gb_content_width":"","footnotes":""},"categories":[5],"tags":[],"class_list":["post-866","post","type-post","status-publish","format-standard","has-post-thumbnail","hentry","category-ultimas-noticias"],"_links":{"self":[{"href":"https:\/\/ampacamilojosecela.es\/index.php\/wp-json\/wp\/v2\/posts\/866","targetHints":{"allow":["GET"]}}],"collection":[{"href":"https:\/\/ampacamilojosecela.es\/index.php\/wp-json\/wp\/v2\/posts"}],"about":[{"href":"https:\/\/ampacamilojosecela.es\/index.php\/wp-json\/wp\/v2\/types\/post"}],"author":[{"embeddable":true,"href":"https:\/\/ampacamilojosecela.es\/index.php\/wp-json\/wp\/v2\/users\/1"}],"replies":[{"embeddable":true,"href":"https:\/\/ampacamilojosecela.es\/index.php\/wp-json\/wp\/v2\/comments?post=866"}],"version-history":[{"count":2,"href":"https:\/\/ampacamilojosecela.es\/index.php\/wp-json\/wp\/v2\/posts\/866\/revisions"}],"predecessor-version":[{"id":869,"href":"https:\/\/ampacamilojosecela.es\/index.php\/wp-json\/wp\/v2\/posts\/866\/revisions\/869"}],"wp:featuredmedia":[{"embeddable":true,"href":"https:\/\/ampacamilojosecela.es\/index.php\/wp-json\/wp\/v2\/media\/867"}],"wp:attachment":[{"href":"https:\/\/ampacamilojosecela.es\/index.php\/wp-json\/wp\/v2\/media?parent=866"}],"wp:term":[{"taxonomy":"category","embeddable":true,"href":"https:\/\/ampacamilojosecela.es\/index.php\/wp-json\/wp\/v2\/categories?post=866"},{"taxonomy":"post_tag","embeddable":true,"href":"https:\/\/ampacamilojosecela.es\/index.php\/wp-json\/wp\/v2\/tags?post=866"}],"curies":[{"name":"wp","href":"https:\/\/api.w.org\/{rel}","templated":true}]}}