{"id":846,"date":"2023-05-23T10:08:40","date_gmt":"2023-05-23T10:08:40","guid":{"rendered":"https:\/\/ampacamilojosecela.es\/?p=846"},"modified":"2023-05-23T10:11:16","modified_gmt":"2023-05-23T10:11:16","slug":"30-mayo-asamblea-de-socios-inscripcion-a-guarderia","status":"publish","type":"post","link":"https:\/\/ampacamilojosecela.es\/index.php\/2023\/05\/23\/30-mayo-asamblea-de-socios-inscripcion-a-guarderia\/","title":{"rendered":"30 MAYO ASAMBLEA DE SOCIOS -Inscripcion a guarder\u00eda"},"content":{"rendered":"<p>[et_pb_section fb_built=\u00bb1&#8243; _builder_version=\u00bb4.19.4&#8243; _module_preset=\u00bbdefault\u00bb global_colors_info=\u00bb{}\u00bb][et_pb_row _builder_version=\u00bb4.19.4&#8243; _module_preset=\u00bbdefault\u00bb global_colors_info=\u00bb{}\u00bb][et_pb_column type=\u00bb4_4&#8243; _builder_version=\u00bb4.19.4&#8243; _module_preset=\u00bbdefault\u00bb global_colors_info=\u00bb{}\u00bb][et_pb_text _builder_version=\u00bb4.21.0&#8243; _module_preset=\u00bbdefault\u00bb hover_enabled=\u00bb0&#8243; global_colors_info=\u00bb{}\u00bb sticky_enabled=\u00bb0&#8243;]<\/p>\n<p>Estimadas familias,<br \/>Como recibist\u00e9is en vuestro correo hace unos d\u00edas, se convoca Asamblea Ordinaria de la Asociaci\u00f3n de Madres y Padres de Alumnos del C.E.I.P \u201cCamilo Jos\u00e9 Cela\u201d a celebrar el pr\u00f3ximo Martes 30 de mayo en el propio colegio (Aula de Inform\u00e1tica &#8211; Segunda planta) a las 16:00 horas en primera convocatoria, o de no concurrir el qu\u00f3rum necesario, a las 16:30 en segunda convocatoria en el mismo lugar <br \/>(NOTA: Como en Asambleas anteriores, prevemos que no habr\u00e1 quorum en primera convocatoria, por lo que a efectos pr\u00e1cticos empezaremos a las 16:30 horas). Es importante vuestra presencia, ya que trataremos temas que nos conciernen a todos.<\/p>\n<p>En el momento actual hay cuatro vacantes en la Junta. Para poder continuar con el trabajo del AMPA en los pr\u00f3ximos a\u00f1os y emprender nuevos proyectos, es imprescindible vuestra colaboraci\u00f3n, cuantos m\u00e1s seamos, m\u00e1s lejos llegaremos, por lo que os animamos fuertemente a formar parte de la Junta Directiva del AMPA. Como ya sab\u00e9is, cualquier socio o socia puede presentarse.<br \/>Durante la asamblea ponemos a vuestra disposici\u00f3n servicio de guarder\u00eda para las familias que necesit\u00e9is dejar a vuestros peques. Es necesario inscribirse aqu\u00ed: <br \/>\u00a1Os esperamos!<\/p>\n<p>&nbsp;<\/p>\n<p>[\/et_pb_text][dvppl_cf7_styler cf7=\u00bb816&#8243; _builder_version=\u00bb4.21.0&#8243; _module_preset=\u00bbdefault\u00bb hover_enabled=\u00bb0&#8243; global_colors_info=\u00bb{}\u00bb sticky_enabled=\u00bb0&#8243;][\/dvppl_cf7_styler][\/et_pb_column][\/et_pb_row][\/et_pb_section]<\/p>\n","protected":false},"excerpt":{"rendered":"<p>Estimadas familias,Como recibist\u00e9is en vuestro correo hace unos d\u00edas, se convoca Asamblea Ordinaria de la Asociaci\u00f3n de Madres y Padres de Alumnos del C.E.I.P \u201cCamilo Jos\u00e9 Cela\u201d a celebrar el pr\u00f3ximo Martes 30 de mayo en el propio colegio (Aula de Inform\u00e1tica &#8211; Segunda planta) a las 16:00 horas en primera convocatoria, o de no [&hellip;]<\/p>\n","protected":false},"author":1,"featured_media":0,"comment_status":"closed","ping_status":"closed","sticky":false,"template":"","format":"standard","meta":{"_et_pb_use_builder":"on","_et_pb_old_content":"","_et_gb_content_width":"","footnotes":""},"categories":[5],"tags":[],"class_list":["post-846","post","type-post","status-publish","format-standard","hentry","category-ultimas-noticias"],"_links":{"self":[{"href":"https:\/\/ampacamilojosecela.es\/index.php\/wp-json\/wp\/v2\/posts\/846","targetHints":{"allow":["GET"]}}],"collection":[{"href":"https:\/\/ampacamilojosecela.es\/index.php\/wp-json\/wp\/v2\/posts"}],"about":[{"href":"https:\/\/ampacamilojosecela.es\/index.php\/wp-json\/wp\/v2\/types\/post"}],"author":[{"embeddable":true,"href":"https:\/\/ampacamilojosecela.es\/index.php\/wp-json\/wp\/v2\/users\/1"}],"replies":[{"embeddable":true,"href":"https:\/\/ampacamilojosecela.es\/index.php\/wp-json\/wp\/v2\/comments?post=846"}],"version-history":[{"count":2,"href":"https:\/\/ampacamilojosecela.es\/index.php\/wp-json\/wp\/v2\/posts\/846\/revisions"}],"predecessor-version":[{"id":848,"href":"https:\/\/ampacamilojosecela.es\/index.php\/wp-json\/wp\/v2\/posts\/846\/revisions\/848"}],"wp:attachment":[{"href":"https:\/\/ampacamilojosecela.es\/index.php\/wp-json\/wp\/v2\/media?parent=846"}],"wp:term":[{"taxonomy":"category","embeddable":true,"href":"https:\/\/ampacamilojosecela.es\/index.php\/wp-json\/wp\/v2\/categories?post=846"},{"taxonomy":"post_tag","embeddable":true,"href":"https:\/\/ampacamilojosecela.es\/index.php\/wp-json\/wp\/v2\/tags?post=846"}],"curies":[{"name":"wp","href":"https:\/\/api.w.org\/{rel}","templated":true}]}}