{"id":833,"date":"2023-05-22T08:34:48","date_gmt":"2023-05-22T08:34:48","guid":{"rendered":"https:\/\/ampacamilojosecela.es\/?p=833"},"modified":"2023-05-22T10:35:10","modified_gmt":"2023-05-22T10:35:10","slug":"guia-para-familias-crueles-y-malvadas","status":"publish","type":"post","link":"https:\/\/ampacamilojosecela.es\/index.php\/2023\/05\/22\/guia-para-familias-crueles-y-malvadas\/","title":{"rendered":"GU\u00cdA PARA FAMILIAS CRUELES Y MALVADAS"},"content":{"rendered":"<p>[et_pb_section fb_built=\u00bb1&#8243; _builder_version=\u00bb4.19.4&#8243; _module_preset=\u00bbdefault\u00bb global_colors_info=\u00bb{}\u00bb][et_pb_row _builder_version=\u00bb4.19.4&#8243; _module_preset=\u00bbdefault\u00bb global_colors_info=\u00bb{}\u00bb][et_pb_column type=\u00bb4_4&#8243; _builder_version=\u00bb4.19.4&#8243; _module_preset=\u00bbdefault\u00bb global_colors_info=\u00bb{}\u00bb][et_pb_text _builder_version=\u00bb4.21.0&#8243; _module_preset=\u00bbdefault\u00bb hover_enabled=\u00bb0&#8243; global_colors_info=\u00bb{}\u00bb sticky_enabled=\u00bb0&#8243;]<\/p>\n<p>Queridas familias,<br \/>La cooperativa de telefon\u00eda Somos Conexi\u00f3n ha publicado la \u00abGu\u00eda para familias crueles y malvadas\u00bb y nos ha regalado 250 ejemplares. Se han repartido desde sexto, llegando a segundo de primaria.<br \/>Con un recorrido que va desde la preadolescencia hasta la mayor\u00eda de edad, la gu\u00eda pretende acompa\u00f1ar a los padres y madres a decidir de forma consciente c\u00f3mo educar a sus hijos e hijas en el uso de la tecnolog\u00eda m\u00f3vil. Contiene recursos como el \u201cpacto de uso\u201d, un acuerdo entre adultos y ni\u00f1os con respecto al uso del m\u00f3vil. Todo ello con el objetivo de crear un entorno digital m\u00e1s saludable, constructivo y pedag\u00f3gico en nuestros hogares.<br \/>Esperemos que sea de vuestra utilidad y que juntos hagamos un uso responsable de la tecnolog\u00eda m\u00f3vil.<\/p>\n<p><a href=\"https:\/\/ampacamilojosecela.es\/wp-content\/uploads\/2023\/05\/GuiaSomConnexio-Online-Castella-Pagines.pdf\">DESCARGA LA GU\u00cdA<\/a><\/p>\n<p>[\/et_pb_text][\/et_pb_column][\/et_pb_row][\/et_pb_section]<\/p>\n","protected":false},"excerpt":{"rendered":"<p>Queridas familias,La cooperativa de telefon\u00eda Somos Conexi\u00f3n ha publicado la \u00abGu\u00eda para familias crueles y malvadas\u00bb y nos ha regalado 250 ejemplares. Se han repartido desde sexto, llegando a segundo de primaria.Con un recorrido que va desde la preadolescencia hasta la mayor\u00eda de edad, la gu\u00eda pretende acompa\u00f1ar a los padres y madres a decidir [&hellip;]<\/p>\n","protected":false},"author":1,"featured_media":834,"comment_status":"open","ping_status":"open","sticky":false,"template":"","format":"standard","meta":{"_et_pb_use_builder":"on","_et_pb_old_content":"","_et_gb_content_width":"1080","footnotes":""},"categories":[5],"tags":[],"class_list":["post-833","post","type-post","status-publish","format-standard","has-post-thumbnail","hentry","category-ultimas-noticias"],"_links":{"self":[{"href":"https:\/\/ampacamilojosecela.es\/index.php\/wp-json\/wp\/v2\/posts\/833","targetHints":{"allow":["GET"]}}],"collection":[{"href":"https:\/\/ampacamilojosecela.es\/index.php\/wp-json\/wp\/v2\/posts"}],"about":[{"href":"https:\/\/ampacamilojosecela.es\/index.php\/wp-json\/wp\/v2\/types\/post"}],"author":[{"embeddable":true,"href":"https:\/\/ampacamilojosecela.es\/index.php\/wp-json\/wp\/v2\/users\/1"}],"replies":[{"embeddable":true,"href":"https:\/\/ampacamilojosecela.es\/index.php\/wp-json\/wp\/v2\/comments?post=833"}],"version-history":[{"count":3,"href":"https:\/\/ampacamilojosecela.es\/index.php\/wp-json\/wp\/v2\/posts\/833\/revisions"}],"predecessor-version":[{"id":838,"href":"https:\/\/ampacamilojosecela.es\/index.php\/wp-json\/wp\/v2\/posts\/833\/revisions\/838"}],"wp:featuredmedia":[{"embeddable":true,"href":"https:\/\/ampacamilojosecela.es\/index.php\/wp-json\/wp\/v2\/media\/834"}],"wp:attachment":[{"href":"https:\/\/ampacamilojosecela.es\/index.php\/wp-json\/wp\/v2\/media?parent=833"}],"wp:term":[{"taxonomy":"category","embeddable":true,"href":"https:\/\/ampacamilojosecela.es\/index.php\/wp-json\/wp\/v2\/categories?post=833"},{"taxonomy":"post_tag","embeddable":true,"href":"https:\/\/ampacamilojosecela.es\/index.php\/wp-json\/wp\/v2\/tags?post=833"}],"curies":[{"name":"wp","href":"https:\/\/api.w.org\/{rel}","templated":true}]}}