{"id":825,"date":"2023-05-22T08:23:51","date_gmt":"2023-05-22T08:23:51","guid":{"rendered":"https:\/\/ampacamilojosecela.es\/?p=825"},"modified":"2023-05-22T08:30:22","modified_gmt":"2023-05-22T08:30:22","slug":"charla-online-lomloe-confapa-24-mayo-23","status":"publish","type":"post","link":"https:\/\/ampacamilojosecela.es\/index.php\/2023\/05\/22\/charla-online-lomloe-confapa-24-mayo-23\/","title":{"rendered":"Charla ONLINE &#8211;  LOMLOE  24 MAYO 23 (Por la CONFAPA)"},"content":{"rendered":"\n[et_pb_section fb_built=\u00bb1&#8243; _builder_version=\u00bb4.19.4&#8243; _module_preset=\u00bbdefault\u00bb global_colors_info=\u00bb{}\u00bb][et_pb_row _builder_version=\u00bb4.19.4&#8243; _module_preset=\u00bbdefault\u00bb global_colors_info=\u00bb{}\u00bb][et_pb_column type=\u00bb4_4&#8243; _builder_version=\u00bb4.19.4&#8243; _module_preset=\u00bbdefault\u00bb global_colors_info=\u00bb{}\u00bb][et_pb_text _builder_version=\u00bb4.21.0&#8243; _module_preset=\u00bbdefault\u00bb global_colors_info=\u00bb{}\u00bb]<p><span>Estimadas familias:<\/span><\/p>\n<p><span><u>El pr\u00f3ximo curso 2023-2024 termina el calendario de implantaci\u00f3n de la\u00a0<a href=\"https:\/\/www.boe.es\/diario_boe\/txt.php?id=BOE-A-2020-17264\" rel=\"noopener\" target=\"_blank\" data-saferedirecturl=\"https:\/\/www.google.com\/url?q=https:\/\/www.boe.es\/diario_boe\/txt.php?id%3DBOE-A-2020-17264&amp;source=gmail&amp;ust=1684825830927000&amp;usg=AOvVaw0lsJRyQR4poyZoSJ6oiz4K\"><strong>LOMLOE<\/strong><\/a><\/u>. Para responder a todas las dudas que esto supone para las familias y el resto de la comunidad educativa madrile\u00f1a, desde\u00a0<a href=\"http:\/\/confapamadrid.blogspot.com\/\" rel=\"noopener\" target=\"_blank\" data-saferedirecturl=\"https:\/\/www.google.com\/url?q=http:\/\/confapamadrid.blogspot.com\/&amp;source=gmail&amp;ust=1684825830927000&amp;usg=AOvVaw2C6jYffsbxAy5laYSxX8PK\"><strong>CONFAPA<\/strong><\/a>, entidad regional a la que pertenece nuestra AMPA, se ha visto oportuno organizar una\u00a0<strong>charla ONLINE\u00a0<\/strong>en la que poder conocer las novedades de la nueva norma y, sobre todo, c\u00f3mo afecta al d\u00eda a d\u00eda de todo lo que tiene que ver con la educaci\u00f3n de nuestros hijos e hijas.<\/span><\/p>\n<p><span>La charla se llevar\u00e1 a cabo el\u00a0<strong>mi\u00e9rcoles 24 de mayo, de 18:00 a 19:00 h,<\/strong>\u00a0por la plataforma Zoom, y ser\u00e1 impartida por\u00a0<strong>Juan L\u00f3pez Mart\u00ednez<\/strong>, inspector central de Educaci\u00f3n, part\u00edcipe en la reforma legal, quien ha publicado diversos libros de legislaci\u00f3n educativa y numerosos art\u00edculos en publicaciones de todo \u00e1mbito.<\/span><\/p>\n<p><span>La inscripci\u00f3n es gratuita cumplimentando el siguiente formulario, estando adem\u00e1s abierta a todas las familias y resto de comunidad educativa madrile\u00f1a, con el fin de animar a la participaci\u00f3n en un tema que tanto nos preocupa y del que seguimos teniendo muchas preguntas.<\/span><\/p>\n<p><span><strong><a href=\"https:\/\/docs.google.com\/forms\/d\/e\/1FAIpQLSfWMYMNUPgjFizkXCxC_ak5Vr-icfVJ-XLKMOLathYmDbmMtg\/viewform?usp=sf_link\" rel=\"noopener\" target=\"_blank\" data-saferedirecturl=\"https:\/\/www.google.com\/url?q=https:\/\/docs.google.com\/forms\/d\/e\/1FAIpQLSfWMYMNUPgjFizkXCxC_ak5Vr-icfVJ-XLKMOLathYmDbmMtg\/viewform?usp%3Dsf_link&amp;source=gmail&amp;ust=1684825830927000&amp;usg=AOvVaw3v9q7TA4pkrR-cht607Two\">FORMULARIO DE INSCRIPCI\u00d3N<\/a><\/strong><\/span><\/p>\n<p><span>Adjuntamos el cartel para su difusi\u00f3n.<\/span><\/p>\n<p><span>Un saludo<\/span><\/p>[\/et_pb_text][et_pb_image src=\u00bbhttps:\/\/ampacamilojosecela.es\/wp-content\/uploads\/2023\/05\/CONFAPA-LOMLOE-24M.jpg\u00bb _builder_version=\u00bb4.21.0&#8243; _module_preset=\u00bbdefault\u00bb title_text=\u00bbCONFAPA LOMLOE 24M\u00bb hover_enabled=\u00bb0&#8243; sticky_enabled=\u00bb0&#8243;][\/et_pb_image][\/et_pb_column][\/et_pb_row][\/et_pb_section]\n","protected":false},"excerpt":{"rendered":"<p>Estimadas familias: El pr\u00f3ximo curso 2023-2024 termina el calendario de implantaci\u00f3n de la\u00a0LOMLOE. Para responder a todas las dudas que esto supone para las familias y el resto de la comunidad educativa madrile\u00f1a, desde\u00a0CONFAPA, entidad regional a la que pertenece nuestra AMPA, se ha visto oportuno organizar una\u00a0charla ONLINE\u00a0en la que poder conocer las novedades [&hellip;]<\/p>\n","protected":false},"author":1,"featured_media":829,"comment_status":"open","ping_status":"open","sticky":false,"template":"","format":"standard","meta":{"_et_pb_use_builder":"on","_et_pb_old_content":"","_et_gb_content_width":"1080","footnotes":""},"categories":[5],"tags":[],"class_list":["post-825","post","type-post","status-publish","format-standard","has-post-thumbnail","hentry","category-ultimas-noticias"],"_links":{"self":[{"href":"https:\/\/ampacamilojosecela.es\/index.php\/wp-json\/wp\/v2\/posts\/825","targetHints":{"allow":["GET"]}}],"collection":[{"href":"https:\/\/ampacamilojosecela.es\/index.php\/wp-json\/wp\/v2\/posts"}],"about":[{"href":"https:\/\/ampacamilojosecela.es\/index.php\/wp-json\/wp\/v2\/types\/post"}],"author":[{"embeddable":true,"href":"https:\/\/ampacamilojosecela.es\/index.php\/wp-json\/wp\/v2\/users\/1"}],"replies":[{"embeddable":true,"href":"https:\/\/ampacamilojosecela.es\/index.php\/wp-json\/wp\/v2\/comments?post=825"}],"version-history":[{"count":6,"href":"https:\/\/ampacamilojosecela.es\/index.php\/wp-json\/wp\/v2\/posts\/825\/revisions"}],"predecessor-version":[{"id":832,"href":"https:\/\/ampacamilojosecela.es\/index.php\/wp-json\/wp\/v2\/posts\/825\/revisions\/832"}],"wp:featuredmedia":[{"embeddable":true,"href":"https:\/\/ampacamilojosecela.es\/index.php\/wp-json\/wp\/v2\/media\/829"}],"wp:attachment":[{"href":"https:\/\/ampacamilojosecela.es\/index.php\/wp-json\/wp\/v2\/media?parent=825"}],"wp:term":[{"taxonomy":"category","embeddable":true,"href":"https:\/\/ampacamilojosecela.es\/index.php\/wp-json\/wp\/v2\/categories?post=825"},{"taxonomy":"post_tag","embeddable":true,"href":"https:\/\/ampacamilojosecela.es\/index.php\/wp-json\/wp\/v2\/tags?post=825"}],"curies":[{"name":"wp","href":"https:\/\/api.w.org\/{rel}","templated":true}]}}