{"id":791,"date":"2023-05-03T08:33:50","date_gmt":"2023-05-03T08:33:50","guid":{"rendered":"https:\/\/ampacamilojosecela.es\/?p=791"},"modified":"2023-05-03T08:33:50","modified_gmt":"2023-05-03T08:33:50","slug":"una-casita-para-intercambiar-libros","status":"publish","type":"post","link":"https:\/\/ampacamilojosecela.es\/index.php\/2023\/05\/03\/una-casita-para-intercambiar-libros\/","title":{"rendered":"Una casita para intercambiar libros"},"content":{"rendered":"\n[et_pb_section fb_built=\u00bb1&#8243; theme_builder_area=\u00bbpost_content\u00bb _builder_version=\u00bb4.19.4&#8243; _module_preset=\u00bbdefault\u00bb][et_pb_row _builder_version=\u00bb4.19.4&#8243; _module_preset=\u00bbdefault\u00bb theme_builder_area=\u00bbpost_content\u00bb][et_pb_column _builder_version=\u00bb4.19.4&#8243; _module_preset=\u00bbdefault\u00bb type=\u00bb4_4&#8243; theme_builder_area=\u00bbpost_content\u00bb][et_pb_text _builder_version=\u00bb4.19.4&#8243; _module_preset=\u00bbdefault\u00bb theme_builder_area=\u00bbpost_content\u00bb hover_enabled=\u00bb0&#8243; sticky_enabled=\u00bb0&#8243;]<p>Queridas familias,<\/p>\n<p>Estrenamos el mes de mayo con una novedad que nos hace mucha ilusi\u00f3n compartir. A partir de esta ma\u00f1ana, en la entrada principal del cole, bajo el porche, podr\u00e9is encontrar una casita de intercambio de libros. Se trata de una peque\u00f1a casita donde dejar un libro que ya no vay\u00e1is a leer y llevaros otro. La idea es que los libros sean para todas las edades, tanto infantiles como de adultos, y est\u00e1 abierta a la participaci\u00f3n de toda la comunidad del Camilo: madres, padres, profes, hermanos, t\u00edas, abuelas, monitores e incluso mascotas. La \u00fanica condici\u00f3n es que los libros est\u00e9n en buen estado para que puedan tener futuras lecturas en otras manos.<\/p>\n<p>La casita ha sido iniciativa del AMPA y la ha hecho en su tiempo libre Javi, un padre de 3\u00ba de Infantil, que le ha puesto todo su cuidado y un poco m\u00e1s. Esperamos que os guste la idea y que entre todas y todos contribuyamos a que siempre haya alg\u00fan libro en la casita esperando la llegada de su lector.<\/p>[\/et_pb_text][\/et_pb_column][\/et_pb_row][et_pb_row _builder_version=\u00bb4.19.4&#8243; _module_preset=\u00bbdefault\u00bb theme_builder_area=\u00bbpost_content\u00bb][et_pb_column _builder_version=\u00bb4.19.4&#8243; _module_preset=\u00bbdefault\u00bb type=\u00bb4_4&#8243; theme_builder_area=\u00bbpost_content\u00bb][et_pb_image src=\u00bbhttps:\/\/ampacamilojosecela.es\/wp-content\/uploads\/2023\/05\/WhatsApp-Image-2023-05-03-at-10.16.56.jpeg\u00bb _builder_version=\u00bb4.19.4&#8243; _module_preset=\u00bbdefault\u00bb theme_builder_area=\u00bbpost_content\u00bb title_text=\u00bbWhatsApp Image 2023-05-03 at 10.16.56&#8243; hover_enabled=\u00bb0&#8243; sticky_enabled=\u00bb0&#8243;][\/et_pb_image][\/et_pb_column][\/et_pb_row][\/et_pb_section]\n","protected":false},"excerpt":{"rendered":"<p>Queridas familias, Estrenamos el mes de mayo con una novedad que nos hace mucha ilusi\u00f3n compartir. A partir de esta ma\u00f1ana, en la entrada principal del cole, bajo el porche, podr\u00e9is encontrar una casita de intercambio de libros. Se trata de una peque\u00f1a casita donde dejar un libro que ya no vay\u00e1is a leer y [&hellip;]<\/p>\n","protected":false},"author":1,"featured_media":792,"comment_status":"open","ping_status":"open","sticky":false,"template":"","format":"standard","meta":{"_et_pb_use_builder":"on","_et_pb_old_content":"","_et_gb_content_width":"1080","footnotes":""},"categories":[5],"tags":[],"class_list":["post-791","post","type-post","status-publish","format-standard","has-post-thumbnail","hentry","category-ultimas-noticias"],"_links":{"self":[{"href":"https:\/\/ampacamilojosecela.es\/index.php\/wp-json\/wp\/v2\/posts\/791","targetHints":{"allow":["GET"]}}],"collection":[{"href":"https:\/\/ampacamilojosecela.es\/index.php\/wp-json\/wp\/v2\/posts"}],"about":[{"href":"https:\/\/ampacamilojosecela.es\/index.php\/wp-json\/wp\/v2\/types\/post"}],"author":[{"embeddable":true,"href":"https:\/\/ampacamilojosecela.es\/index.php\/wp-json\/wp\/v2\/users\/1"}],"replies":[{"embeddable":true,"href":"https:\/\/ampacamilojosecela.es\/index.php\/wp-json\/wp\/v2\/comments?post=791"}],"version-history":[{"count":3,"href":"https:\/\/ampacamilojosecela.es\/index.php\/wp-json\/wp\/v2\/posts\/791\/revisions"}],"predecessor-version":[{"id":796,"href":"https:\/\/ampacamilojosecela.es\/index.php\/wp-json\/wp\/v2\/posts\/791\/revisions\/796"}],"wp:featuredmedia":[{"embeddable":true,"href":"https:\/\/ampacamilojosecela.es\/index.php\/wp-json\/wp\/v2\/media\/792"}],"wp:attachment":[{"href":"https:\/\/ampacamilojosecela.es\/index.php\/wp-json\/wp\/v2\/media?parent=791"}],"wp:term":[{"taxonomy":"category","embeddable":true,"href":"https:\/\/ampacamilojosecela.es\/index.php\/wp-json\/wp\/v2\/categories?post=791"},{"taxonomy":"post_tag","embeddable":true,"href":"https:\/\/ampacamilojosecela.es\/index.php\/wp-json\/wp\/v2\/tags?post=791"}],"curies":[{"name":"wp","href":"https:\/\/api.w.org\/{rel}","templated":true}]}}