{"id":776,"date":"2023-04-24T10:45:10","date_gmt":"2023-04-24T10:45:10","guid":{"rendered":"https:\/\/ampacamilojosecela.es\/?p=776"},"modified":"2023-05-16T08:19:43","modified_gmt":"2023-05-16T08:19:43","slug":"abierto-plazo-de-inscripcion-a-campamento-de-verano-urban-camp","status":"publish","type":"post","link":"https:\/\/ampacamilojosecela.es\/index.php\/2023\/04\/24\/abierto-plazo-de-inscripcion-a-campamento-de-verano-urban-camp\/","title":{"rendered":"ABIERTO Plazo de Inscripci\u00f3n a Campamento de Verano (URBAN CAMP)"},"content":{"rendered":"<p>[et_pb_section fb_built=\u00bb1&#8243; _builder_version=\u00bb4.19.4&#8243; _module_preset=\u00bbdefault\u00bb global_colors_info=\u00bb{}\u00bb][et_pb_row _builder_version=\u00bb4.19.4&#8243; _module_preset=\u00bbdefault\u00bb custom_margin=\u00bb|auto|-17px|auto||\u00bb global_colors_info=\u00bb{}\u00bb][et_pb_column type=\u00bb4_4&#8243; _builder_version=\u00bb4.19.4&#8243; _module_preset=\u00bbdefault\u00bb global_colors_info=\u00bb{}\u00bb][et_pb_text _builder_version=\u00bb4.19.4&#8243; _module_preset=\u00bbdefault\u00bb custom_padding=\u00bb||0px|||\u00bb global_colors_info=\u00bb{}\u00bb]<\/p>\n<p><b>Abierto plazo de inscripci\u00f3n<\/b><\/p>\n<p><b><\/b><\/p>\n<p>[\/et_pb_text][et_pb_button button_url=\u00bbhttps:\/\/ampacamilojosecela.es\/wp-content\/uploads\/2023\/05\/CIRC.CAMP_.URB-DEP.-2023_-CAMILO-1.pdf\u00bb button_text=\u00bbDescargar dossier de Campamentos de Verano\u00bb _builder_version=\u00bb4.19.4&#8243; _module_preset=\u00bbdefault\u00bb hover_enabled=\u00bb0&#8243; global_colors_info=\u00bb{}\u00bb sticky_enabled=\u00bb0&#8243;][\/et_pb_button][\/et_pb_column][\/et_pb_row][et_pb_row _builder_version=\u00bb4.19.4&#8243; _module_preset=\u00bbdefault\u00bb global_colors_info=\u00bb{}\u00bb][et_pb_column type=\u00bb4_4&#8243; _builder_version=\u00bb4.19.4&#8243; _module_preset=\u00bbdefault\u00bb global_colors_info=\u00bb{}\u00bb][dvppl_cf7_styler cf7=\u00bb62&#8243; _builder_version=\u00bb4.19.4&#8243; _module_preset=\u00bbdefault\u00bb global_colors_info=\u00bb{}\u00bb][\/dvppl_cf7_styler][\/et_pb_column][\/et_pb_row][\/et_pb_section]<\/p>\n","protected":false},"excerpt":{"rendered":"<p>Abierto plazo de inscripci\u00f3n <div class=\"et_pb_module dvppl_cf7_styler dvppl_cf7_styler_0\">\n\t\t\t\t\n\t\t\t\t\n\t\t\t\t\n\t\t\t\t\n\t\t\t\t\n\t\t\t\t\n\t\t\t\t<div class=\"et_pb_module_inner\">\n\t\t\t\t\t<div class=\"dipe-cf7-container dipe-cf7-button-left\">\n\t\t\t\t\n\t\t\t\t<div class=\"dipe-cf7 dipe-cf7-styler \">\n\t\t\t\t\t\n<div class=\"wpcf7 no-js\" id=\"wpcf7-f62-o1\" lang=\"en-US\" dir=\"ltr\" data-wpcf7-id=\"62\">\n<div class=\"screen-reader-response\"><p role=\"status\" aria-live=\"polite\" aria-atomic=\"true\"><\/p> <ul><\/ul><\/div>\n<form action=\"\/index.php\/wp-json\/wp\/v2\/posts\/776#wpcf7-f62-o1\" method=\"post\" class=\"wpcf7-form init\" aria-label=\"Contact form\" novalidate=\"novalidate\" data-status=\"init\">\n<fieldset class=\"hidden-fields-container\"><input type=\"hidden\" name=\"_wpcf7\" value=\"62\" \/><input type=\"hidden\" name=\"_wpcf7_version\" value=\"6.1.1\" \/><input type=\"hidden\" name=\"_wpcf7_locale\" value=\"en_US\" \/><input type=\"hidden\" name=\"_wpcf7_unit_tag\" value=\"wpcf7-f62-o1\" \/><input type=\"hidden\" name=\"_wpcf7_container_post\" value=\"0\" \/><input type=\"hidden\" name=\"_wpcf7_posted_data_hash\" value=\"\" \/><input type=\"hidden\" name=\"_wpcf7cf_hidden_group_fields\" value=\"[]\" \/><input type=\"hidden\" name=\"_wpcf7cf_hidden_groups\" value=\"[]\" \/><input type=\"hidden\" name=\"_wpcf7cf_visible_groups\" value=\"[]\" \/><input type=\"hidden\" name=\"_wpcf7cf_repeaters\" value=\"[]\" \/><input type=\"hidden\" name=\"_wpcf7cf_steps\" value=\"{}\" \/><input type=\"hidden\" name=\"_wpcf7cf_options\" value=\"{&quot;form_id&quot;:62,&quot;conditions&quot;:[{&quot;then_field&quot;:&quot;campamentoNavidad&quot;,&quot;and_rules&quot;:[{&quot;if_field&quot;:&quot;tipocampamentos&quot;,&quot;operator&quot;:&quot;equals&quot;,&quot;if_value&quot;:&quot;Campamento de Navidad&quot;}]},{&quot;then_field&quot;:&quot;campamentoSSanta&quot;,&quot;and_rules&quot;:[{&quot;if_field&quot;:&quot;tipocampamentos&quot;,&quot;operator&quot;:&quot;equals&quot;,&quot;if_value&quot;:&quot;Campamento de Semana Santa&quot;}]},{&quot;then_field&quot;:&quot;campamentoVerano&quot;,&quot;and_rules&quot;:[{&quot;if_field&quot;:&quot;tipocampamentos&quot;,&quot;operator&quot;:&quot;equals&quot;,&quot;if_value&quot;:&quot;Campamento de Verano&quot;}]}],&quot;settings&quot;:{&quot;animation&quot;:&quot;yes&quot;,&quot;animation_intime&quot;:200,&quot;animation_outtime&quot;:200,&quot;conditions_ui&quot;:&quot;normal&quot;,&quot;notice_dismissed&quot;:false}}\" \/><input type=\"hidden\" name=\"_wpcf7_recaptcha_response\" value=\"\" \/>\n<\/fieldset>\n<p>IMPORTANTE: Si por error inscribiste a alguna actividad no deseada, vuelve a enviarnos el formulario cumplimentado, y env\u00edanos un email a nuestro correo <a href=\"mailto:ampa.camilojc@gmail.com\">ampa.camilojc@gmail.com<\/a> avisando del cambio<\/p>\n<p> En caso de desconocer la letra del curso al que asiste, por favor,contacta con el Colegio para obtener ese dato. <\/p>\n\n<div class=\"dfs-row\">\n<div class=\"dfs-col dfs-col-12 dfs-col-md-4 dfs-col-lg-4\"><label> Nombre del Alumno (*) <span class=\"wpcf7-form-control-wrap\" data-name=\"Nombre\"><input size=\"30\" maxlength=\"90\" class=\"wpcf7-form-control wpcf7-text wpcf7-validates-as-required\" aria-required=\"true\" aria-invalid=\"false\" value=\"\" type=\"text\" name=\"Nombre\" \/><\/span><\/label><\/div>\n<div class=\"dfs-col dfs-col-12 dfs-col-md-4 dfs-col-lg-4\"><label> Apellidos del Alumno (*) <span class=\"wpcf7-form-control-wrap\" data-name=\"Apellidos\"><input size=\"60\" maxlength=\"90\" class=\"wpcf7-form-control wpcf7-text wpcf7-validates-as-required\" aria-required=\"true\" aria-invalid=\"false\" value=\"\" type=\"text\" name=\"Apellidos\" \/><\/span><\/label><\/div>\n<div class=\"dfs-col dfs-col-12 dfs-col-md-4 dfs-col-lg-4\"><label>N\u00famero de tarjeta sanitaria<span class=\"wpcf7-form-control-wrap\" data-name=\"tarjetaSanitaria\"><input size=\"100\" maxlength=\"90\" class=\"wpcf7-form-control wpcf7-text wpcf7-validates-as-required\" aria-required=\"true\" aria-invalid=\"false\" value=\"\" type=\"text\" name=\"tarjetaSanitaria\" \/><\/span><\/label><\/div>\n<\/div>\n\n<div class=\"dfs-row\">\n<div class=\"dfs-col dfs-col-12 dfs-col-md-4 dfs-col-lg-4\"><label> Curso (*) <span class=\"wpcf7-form-control-wrap\" data-name=\"Curso\"><select class=\"wpcf7-form-control wpcf7-select wpcf7-validates-as-required\" aria-required=\"true\" aria-invalid=\"false\" name=\"Curso\"><option value=\"\">&#8212;Please choose an option&#8212;<\/option><option value=\"1\u00ba Infantil (3 a\u00f1os)\">1\u00ba Infantil (3 a\u00f1os)<\/option><option value=\"2\u00ba Infantil (4 a\u00f1os)\">2\u00ba Infantil (4 a\u00f1os)<\/option><option value=\"3\u00ba Infantil (5 a\u00f1os)\">3\u00ba Infantil (5 a\u00f1os)<\/option><option value=\"1\u00ba Primaria\">1\u00ba Primaria<\/option><option value=\"2\u00ba Primaria\">2\u00ba Primaria<\/option><option value=\"3\u00ba Primaria\">3\u00ba Primaria<\/option><option value=\"4\u00ba Primaria\">4\u00ba Primaria<\/option><option value=\"5\u00ba Primaria\">5\u00ba Primaria<\/option><option value=\"6\u00ba Primaria\">6\u00ba Primaria<\/option><\/select><\/span><\/label><\/div>\n<div class=\"dfs-col dfs-col-12 dfs-col-md-4 dfs-col-lg-4\"><label>Letra (*) <span class=\"wpcf7-form-control-wrap\" data-name=\"Letra\"><select class=\"wpcf7-form-control wpcf7-select wpcf7-validates-as-required\" aria-required=\"true\" aria-invalid=\"false\" name=\"Letra\"><option value=\"\">&#8212;Please choose an option&#8212;<\/option><option value=\"A\">A<\/option><option value=\"B\">B<\/option><\/select><\/span><\/label><\/div>\n<div class=\"dfs-col dfs-col-12 dfs-col-md-4 dfs-col-lg-4\"> <label> Edad (*)<span class=\"wpcf7-form-control-wrap\" data-name=\"Edad\"><select class=\"wpcf7-form-control wpcf7-select wpcf7-validates-as-required\" aria-required=\"true\" aria-invalid=\"false\" name=\"Edad\"><option value=\"\">&#8212;Please choose an option&#8212;<\/option><option value=\"3 a\u00f1os\">3 a\u00f1os<\/option><option value=\"4 a\u00f1os\">4 a\u00f1os<\/option><option value=\"5 a\u00f1os\">5 a\u00f1os<\/option><option value=\"6 a\u00f1os\">6 a\u00f1os<\/option><option value=\"7 a\u00f1os\">7 a\u00f1os<\/option><option value=\"8 a\u00f1os\">8 a\u00f1os<\/option><option value=\"9 a\u00f1os\">9 a\u00f1os<\/option><option value=\"10 a\u00f1os\">10 a\u00f1os<\/option><option value=\"11 a\u00f1os\">11 a\u00f1os<\/option><option value=\"12 a\u00f1os\">12 a\u00f1os<\/option><\/select><\/span><\/label> <br \/><\/div>\n<\/div>\n    \n<div class=\"dfs-row\">\n<div class=\"dfs-col dfs-col-12 dfs-col-md-6 dfs-col-lg-6\"><label>Nombre del Tutor 1<span class=\"wpcf7-form-control-wrap\" data-name=\"NombreMadre\"><input size=\"30\" maxlength=\"90\" class=\"wpcf7-form-control wpcf7-text wpcf7-validates-as-required\" aria-required=\"true\" aria-invalid=\"false\" value=\"\" type=\"text\" name=\"NombreMadre\" \/><\/span><\/label><\/div>\n<div class=\"dfs-col dfs-col-12 dfs-col-md-6 dfs-col-lg-6\"><label>Apellidos del Tutor 1<span class=\"wpcf7-form-control-wrap\" data-name=\"ApellidosMadre\"><input size=\"50\" maxlength=\"90\" class=\"wpcf7-form-control wpcf7-text wpcf7-validates-as-required\" aria-required=\"true\" aria-invalid=\"false\" value=\"\" type=\"text\" name=\"ApellidosMadre\" \/><\/span><\/label><\/div>\n<\/div>\n<div class=\"dfs-row\">\n<div class=\"dfs-col dfs-col-12 dfs-col-md-6 dfs-col-lg-6\"> <label>Tel\u00e9fono del Tutor 1<span class=\"wpcf7-form-control-wrap\" data-name=\"telefonoMadre\"><input size=\"30\" maxlength=\"90\" class=\"wpcf7-form-control wpcf7-tel wpcf7-validates-as-required wpcf7-text wpcf7-validates-as-tel\" aria-required=\"true\" aria-invalid=\"false\" value=\"\" type=\"tel\" name=\"telefonoMadre\" \/><\/span><\/label><\/div>\n<div class=\"dfs-col dfs-col-12 dfs-col-md-6 dfs-col-lg-6\"> <label>Email del Tutor 1 <span class=\"wpcf7-form-control-wrap\" data-name=\"emailMadre\"><input size=\"30\" maxlength=\"90\" class=\"wpcf7-form-control wpcf7-email wpcf7-validates-as-required wpcf7-text wpcf7-validates-as-email\" aria-required=\"true\" aria-invalid=\"false\" value=\"\" type=\"email\" name=\"emailMadre\" \/><\/span><\/label><\/div>\n<\/div>\n\n<div class=\"dfs-row\">\n<div class=\"dfs-col dfs-col-12\">\n<p><b style=\"color:blue;padding-top:20px;\">Tenemos en cuenta la diversidad de modelos familiares, pero necesitamos igualmente un segundo tel\u00e9fono de contacto, sea de familiar o amigo.<\/b><\/p>\n<\/div>\n<\/div>\n\n<div class=\"dfs-row\">\n<div class=\"dfs-col dfs-col-12 dfs-col-md-6 dfs-col-lg-6\"><label>Nombre del Tutor 2<span class=\"wpcf7-form-control-wrap\" data-name=\"NombrePadre\"><input size=\"30\" maxlength=\"90\" class=\"wpcf7-form-control wpcf7-text wpcf7-validates-as-required\" aria-required=\"true\" aria-invalid=\"false\" value=\"\" type=\"text\" name=\"NombrePadre\" \/><\/span><\/label> <\/div>\n<div class=\"dfs-col dfs-col-12 dfs-col-md-6 dfs-col-lg-6\"><label>Apellidos del Tutor 2<span class=\"wpcf7-form-control-wrap\" data-name=\"ApellidosPadre\"><input size=\"50\" maxlength=\"90\" class=\"wpcf7-form-control wpcf7-text wpcf7-validates-as-required\" aria-required=\"true\" aria-invalid=\"false\" value=\"\" type=\"text\" name=\"ApellidosPadre\" \/><\/span><\/label><\/div>\n<\/div>\n<div class=\"dfs-row\">\n<div class=\"dfs-col dfs-col-12 dfs-col-md-6 dfs-col-lg-6\">  <label>Tel\u00e9fono del Tutor 2<span class=\"wpcf7-form-control-wrap\" data-name=\"telefonoPadre\"><input size=\"30\" maxlength=\"90\" class=\"wpcf7-form-control wpcf7-tel wpcf7-validates-as-required wpcf7-text wpcf7-validates-as-tel\" aria-required=\"true\" aria-invalid=\"false\" value=\"\" type=\"tel\" name=\"telefonoPadre\" \/><\/span><\/label> <\/div>\n<div class=\"dfs-col dfs-col-12 dfs-col-md-6 dfs-col-lg-6\"> <label>Email del Tutor 2 <span class=\"wpcf7-form-control-wrap\" data-name=\"emailPadre\"><input size=\"30\" maxlength=\"90\" class=\"wpcf7-form-control wpcf7-email wpcf7-validates-as-required wpcf7-text wpcf7-validates-as-email\" aria-required=\"true\" aria-invalid=\"false\" value=\"\" type=\"email\" name=\"emailPadre\" \/><\/span><\/label><\/div>\n<\/div>\n\n<div class=\"dfs-row\">\n<div class=\"dfs-col dfs-col-12\">\n<label><strong>\u00bfCampamento URBANO O DEPORTIVO? <\/strong>  <\/label>\n<span class=\"wpcf7-form-control-wrap\" data-name=\"Campamento\"><span class=\"wpcf7-form-control wpcf7-checkbox\"><span class=\"wpcf7-list-item first\"><input type=\"checkbox\" name=\"Campamento&#091;&#093;\" value=\"URBAN CAMP - CAMPAMENTO URBANO\" \/><span class=\"wpcf7-list-item-label\">URBAN CAMP - CAMPAMENTO URBANO<\/span><\/span><span class=\"wpcf7-list-item last\"><input type=\"checkbox\" name=\"Campamento&#091;&#093;\" value=\"SPORT CAMP- CAMPAMENTO DEPORTIVO\" \/><span class=\"wpcf7-list-item-label\">SPORT CAMP- CAMPAMENTO DEPORTIVO<\/span><\/span><\/span><\/span> \n<\/div>\n<\/div>\n\n<div class=\"dfs-row\">\n<div class=\"dfs-col dfs-col-12\">\n<label><strong>Seleccione el campamento<\/strong> <span class=\"wpcf7-form-control-wrap\" data-name=\"tipocampamentos\"><select class=\"wpcf7-form-control wpcf7-select wpcf7-validates-as-required\" aria-required=\"true\" aria-invalid=\"false\" name=\"tipocampamentos\"><option value=\"Campamento de Semana Santa\">Campamento de Semana Santa<\/option><option value=\"Campamento de Verano\">Campamento de Verano<\/option><option value=\"Campamento de Navidad\">Campamento de Navidad<\/option><\/select><\/span> <\/label>\n<\/div>\n<\/div>\n\n<div data-id=\"campamentoNavidad\" data-orig_data_id=\"campamentoNavidad\"  class=\"\" data-class=\"wpcf7cf_group\">\n<div class=\"dfs-row\">\n<div class=\"dfs-col dfs-col-12\">\n<label><strong>Marque los d\u00edas de campamento que solicita<\/strong>  <\/label>\n<span class=\"wpcf7-form-control-wrap\" data-name=\"navidad\"><span class=\"wpcf7-form-control wpcf7-checkbox wpcf7-validates-as-required\"><span class=\"wpcf7-list-item first\"><input type=\"checkbox\" name=\"navidad&#091;&#093;\" value=\"Del 23 de Diciembre al 30 de Diciembre\" \/><span class=\"wpcf7-list-item-label\">Del 23 de Diciembre al 30 de Diciembre<\/span><\/span><span class=\"wpcf7-list-item\"><input type=\"checkbox\" name=\"navidad&#091;&#093;\" value=\"Del 2 de Enero al 5 de Enero\" \/><span class=\"wpcf7-list-item-label\">Del 2 de Enero al 5 de Enero<\/span><\/span><span class=\"wpcf7-list-item\"><input type=\"checkbox\" name=\"navidad&#091;&#093;\" value=\"Dia 23 Diciembre\" \/><span class=\"wpcf7-list-item-label\">Dia 23 Diciembre<\/span><\/span><span class=\"wpcf7-list-item\"><input type=\"checkbox\" name=\"navidad&#091;&#093;\" value=\"Dia 27 Diciembre\" \/><span class=\"wpcf7-list-item-label\">Dia 27 Diciembre<\/span><\/span><span class=\"wpcf7-list-item\"><input type=\"checkbox\" name=\"navidad&#091;&#093;\" value=\"Dia 28 Diciembre\" \/><span class=\"wpcf7-list-item-label\">Dia 28 Diciembre<\/span><\/span><span class=\"wpcf7-list-item\"><input type=\"checkbox\" name=\"navidad&#091;&#093;\" value=\"Dia 29 Diciembre\" \/><span class=\"wpcf7-list-item-label\">Dia 29 Diciembre<\/span><\/span><span class=\"wpcf7-list-item\"><input type=\"checkbox\" name=\"navidad&#091;&#093;\" value=\"Dia 30 Diciembre\" \/><span class=\"wpcf7-list-item-label\">Dia 30 Diciembre<\/span><\/span><span class=\"wpcf7-list-item\"><input type=\"checkbox\" name=\"navidad&#091;&#093;\" value=\"Dia 2 Enero\" \/><span class=\"wpcf7-list-item-label\">Dia 2 Enero<\/span><\/span><span class=\"wpcf7-list-item\"><input type=\"checkbox\" name=\"navidad&#091;&#093;\" value=\"D\u00eda 3 Enero\" \/><span class=\"wpcf7-list-item-label\">D\u00eda 3 Enero<\/span><\/span><span class=\"wpcf7-list-item\"><input type=\"checkbox\" name=\"navidad&#091;&#093;\" value=\"D\u00eda 4 Enero\" \/><span class=\"wpcf7-list-item-label\">D\u00eda 4 Enero<\/span><\/span><span class=\"wpcf7-list-item last\"><input type=\"checkbox\" name=\"navidad&#091;&#093;\" value=\"D\u00eda 5 Enero\" \/><span class=\"wpcf7-list-item-label\">D\u00eda 5 Enero<\/span><\/span><\/span><\/span>\n<\/div>\n<\/div>\n<\/div>\n\n<div data-id=\"campamentoSSanta\" data-orig_data_id=\"campamentoSSanta\"  class=\"\" data-class=\"wpcf7cf_group\">\n<label><strong>Marque los d\u00edas de campamento que solicita<\/strong>  <\/label>\n<span class=\"wpcf7-form-control-wrap\" data-name=\"ssanta\"><span class=\"wpcf7-form-control wpcf7-checkbox\"><span class=\"wpcf7-list-item first\"><input type=\"checkbox\" name=\"ssanta[]\" value=\"31 Marzo\" \/><span class=\"wpcf7-list-item-label\">31 Marzo<\/span><\/span><span class=\"wpcf7-list-item\"><input type=\"checkbox\" name=\"ssanta[]\" value=\"3 Abril\" \/><span class=\"wpcf7-list-item-label\">3 Abril<\/span><\/span><span class=\"wpcf7-list-item\"><input type=\"checkbox\" name=\"ssanta[]\" value=\"4 abril\" \/><span class=\"wpcf7-list-item-label\">4 abril<\/span><\/span><span class=\"wpcf7-list-item\"><input type=\"checkbox\" name=\"ssanta[]\" value=\"5 abril\" \/><span class=\"wpcf7-list-item-label\">5 abril<\/span><\/span><span class=\"wpcf7-list-item last\"><input type=\"checkbox\" name=\"ssanta[]\" value=\"10 abril\" \/><span class=\"wpcf7-list-item-label\">10 abril<\/span><\/span><\/span><\/span> \n<\/div>\n\n<div data-id=\"campamentoVerano\" data-orig_data_id=\"campamentoVerano\"  class=\"\" data-class=\"wpcf7cf_group\">\n<label><strong>Marque los d\u00edas de campamento que solicita<\/strong>  <\/label>\n<span class=\"wpcf7-form-control-wrap\" data-name=\"verano\"><span class=\"wpcf7-form-control wpcf7-checkbox\"><span class=\"wpcf7-list-item first\"><input type=\"checkbox\" name=\"verano[]\" value=\"Del 23 al 30 de Junio\" \/><span class=\"wpcf7-list-item-label\">Del 23 al 30 de Junio<\/span><\/span><span class=\"wpcf7-list-item\"><input type=\"checkbox\" name=\"verano[]\" value=\"Del 3 al 7 de Julio\" \/><span class=\"wpcf7-list-item-label\">Del 3 al 7 de Julio<\/span><\/span><span class=\"wpcf7-list-item\"><input type=\"checkbox\" name=\"verano[]\" value=\"Del 10 de Julio al 14 de Julio\" \/><span class=\"wpcf7-list-item-label\">Del 10 de Julio al 14 de Julio<\/span><\/span><span class=\"wpcf7-list-item\"><input type=\"checkbox\" name=\"verano[]\" value=\"Del 17 de Julio al 21 de Julio\" \/><span class=\"wpcf7-list-item-label\">Del 17 de Julio al 21 de Julio<\/span><\/span><span class=\"wpcf7-list-item\"><input type=\"checkbox\" name=\"verano[]\" value=\"Del 24 de Julio al 31 de Julio\" \/><span class=\"wpcf7-list-item-label\">Del 24 de Julio al 31 de Julio<\/span><\/span><span class=\"wpcf7-list-item last\"><input type=\"checkbox\" name=\"verano[]\" value=\"Del 1 de Septiembre al comienzo del curso escolar\" \/><span class=\"wpcf7-list-item-label\">Del 1 de Septiembre al comienzo del curso escolar<\/span><\/span><\/span><\/span> \n<\/div>\n\n\n\n<div class=\"dfs-row\">\n<div class=\"dfs-col dfs-col-12 dfs-col-md-6 dfs-col-lg-6\">\n<label style=\"padding-top:30px;\">HORARIO habitual de entrada y salida:<span class=\"wpcf7-form-control-wrap\" data-name=\"horario\"><input size=\"90\" maxlength=\"90\" class=\"wpcf7-form-control wpcf7-text wpcf7-validates-as-required\" aria-required=\"true\" aria-invalid=\"false\" value=\"\" type=\"text\" name=\"horario\" \/><\/span><\/label>\n<\/div>\n<div class=\"dfs-col dfs-col-12 dfs-col-md-6 dfs-col-lg-6\">\n<label style=\"padding-top:30px;\">\u00bfComer\u00e1 en el centro?<span class=\"wpcf7-form-control-wrap\" data-name=\"comer\"><select class=\"wpcf7-form-control wpcf7-select wpcf7-validates-as-required\" aria-required=\"true\" aria-invalid=\"false\" name=\"comer\"><option value=\"\">&#8212;Please choose an option&#8212;<\/option><option value=\"SI\">SI<\/option><option value=\"NO\">NO<\/option><\/select><\/span> <\/label>\n<\/div>\n<\/div>\n\n<div class=\"dfs-row\">\n<div class=\"dfs-col dfs-col-12 dfs-col-md-6 dfs-col-lg-6\">\n<label>\u00bfPadece alg\u00fan tipo de alergia y\/o enfermedad?<\/label><span class=\"wpcf7-form-control-wrap\" data-name=\"alergias\"><input size=\"40\" maxlength=\"400\" class=\"wpcf7-form-control wpcf7-text wpcf7-validates-as-required\" aria-required=\"true\" aria-invalid=\"false\" value=\"\" type=\"text\" name=\"alergias\" \/><\/span>\n<\/div>\n<div class=\"dfs-col dfs-col-12 dfs-col-md-6 dfs-col-lg-6\">\n<label>\u00bfSigue alg\u00fan tratamiento?<\/label> <span class=\"wpcf7-form-control-wrap\" data-name=\"tratamiento\"><input size=\"40\" maxlength=\"400\" class=\"wpcf7-form-control wpcf7-text wpcf7-validates-as-required\" aria-required=\"true\" aria-invalid=\"false\" value=\"\" type=\"text\" name=\"tratamiento\" \/><\/span>\n<\/div>\n<\/div>\n    \n\n<div class=\"dfs-row\">\n<div class=\"dfs-col dfs-col-12\">\n<label>\u00bfAlguna circunstancia a tener en cuenta?<\/label><span class=\"wpcf7-form-control-wrap\" data-name=\"circunstancias\"><input size=\"40\" maxlength=\"400\" class=\"wpcf7-form-control wpcf7-text wpcf7-validates-as-required\" aria-required=\"true\" aria-invalid=\"false\" value=\"\" type=\"text\" name=\"circunstancias\" \/><\/span>\n<\/div>\n<\/div>\n\n<div class=\"dfs-row\">\n<div class=\"dfs-col dfs-col-12\">\n<p><strong>DATOS BANCARIOS<\/strong><\/p>\n<\/div>\n<\/div>\n\n\n\n<table>\n<tr>\n<td><\/td>\n  <td><strong>IBAN<\/strong><\/td>\n  <td><strong>ENTIDAD<\/strong><\/td>\n  <td><strong>SUCURSAL<\/strong><\/td>\n  <td><strong>DC<\/strong><\/td>\n  <td><strong>N\u00baCUENTA<\/strong><\/td>\n<\/tr>\n\n<tr>\n<td>ES<\/td>\n  <td><span class=\"wpcf7-form-control-wrap\" data-name=\"iban\"><input class=\"wpcf7-form-control wpcf7-number wpcf7-validates-as-required wpcf7-validates-as-number\" min=\"00\" max=\"99\" aria-required=\"true\" aria-invalid=\"false\" value=\"\" type=\"number\" name=\"iban\" \/><\/span><\/td>  \n  <td><span class=\"wpcf7-form-control-wrap\" data-name=\"number-entidad\"><input class=\"wpcf7-form-control wpcf7-number wpcf7-validates-as-required wpcf7-validates-as-number\" min=\"0000\" max=\"9999\" aria-required=\"true\" aria-invalid=\"false\" value=\"\" type=\"number\" name=\"number-entidad\" \/><\/span><\/td>\n  <td><span class=\"wpcf7-form-control-wrap\" data-name=\"number-SUCURSAL\"><input class=\"wpcf7-form-control wpcf7-number wpcf7-validates-as-required wpcf7-validates-as-number\" min=\"0000\" max=\"9999\" aria-required=\"true\" aria-invalid=\"false\" value=\"\" type=\"number\" name=\"number-SUCURSAL\" \/><\/span><\/td>\n  <td><span class=\"wpcf7-form-control-wrap\" data-name=\"number-DC\"><input class=\"wpcf7-form-control wpcf7-number wpcf7-validates-as-required wpcf7-validates-as-number\" min=\"00\" max=\"99\" aria-required=\"true\" aria-invalid=\"false\" value=\"\" type=\"number\" name=\"number-DC\" \/><\/span><\/td>\n  <td><span class=\"wpcf7-form-control-wrap\" data-name=\"number-CUENTA\"><input class=\"wpcf7-form-control wpcf7-number wpcf7-validates-as-required wpcf7-validates-as-number\" min=\"0000000000\" max=\"9999999999\" aria-required=\"true\" aria-invalid=\"false\" value=\"\" type=\"number\" name=\"number-CUENTA\" \/><\/span><\/td>\n<\/tr>\n\n<tr>\n  <td><\/td>\n  <td>m\u00e1x 2 d\u00edgitos<\/td>\n  <td>m\u00e1x 4 d\u00edgitos<\/td>\n  <td>m\u00e1x 4 d\u00edgitos<\/td>\n  <td>m\u00e1x 2 d\u00edgitos<\/td>\n  <td>m\u00e1x 10 d\u00edgitos<\/td>\n<\/tr>\n<\/table>\n\n<label>Doy mi consentimiento a las empresas de extraescolares, para que puedan recoger im\u00e1genes de l@s participantes en las actividades de las empresas en las que pueda aparecer mi hij@. <span class=\"wpcf7-form-control-wrap\" data-name=\"AceptoFotos\"><select class=\"wpcf7-form-control wpcf7-select wpcf7-validates-as-required\" aria-required=\"true\" aria-invalid=\"false\" name=\"AceptoFotos\"><option value=\"Si\" selected=\"selected\">Si<\/option><option value=\"No\">No<\/option><\/select><\/span><\/label>  <br \/> \n\n\n<p><span class=\"wpcf7-form-control-wrap\" data-name=\"acceptance-fotos\"><span class=\"wpcf7-form-control wpcf7-acceptance\"><span class=\"wpcf7-list-item\"><input type=\"checkbox\" name=\"acceptance-fotos\" value=\"1\" aria-invalid=\"false\" \/><\/span><\/span><\/span>He le\u00eddo y acepto la <a href=\"https:\/\/ampacamilojosecela.es\/index.php\/politica-privacidad\/\">pol\u00edtica de privacidad<\/a>. De acuerdo con lo dispuesto en la Ley Org\u00e1nica 25 de Mayo de 2018 de Protecci\u00f3n de Datos de Car\u00e1cter Personal, le informamos que sus datos pasan a formar parte del fichero de la AMPA del Colegio Camilo Jos\u00e9 Cela, cuya finalidad es la gesti\u00f3n administrativa, la informaci\u00f3n sobre actividades y servicios que presta la Asociaci\u00f3n y la consulta a socios sobre temas exclusivamente relacionados con la Asociaci\u00f3n. Asimismo, le comunicamos que puede ejercitar los derechos de acceso, rectificaci\u00f3n, cancelaci\u00f3n y oposici\u00f3n de sus datos remitiendo un escrito a la Junta Directiva del AMPA, c\/Melchor Fern\u00e1ndez Almagro, 22. 28029 Madrid, adjuntando copia de documento que acredite su identidad.<\/p>\n\n<input class=\"wpcf7-form-control wpcf7-submit has-spinner\" type=\"submit\" value=\"Enviar\" \/><div class=\"wpcf7-response-output\" aria-hidden=\"true\"><\/div>\n<\/form>\n<\/div>\n\n\t\t\t\t<\/div>\n\t\t\t<\/div>\n\t\t\t\t<\/div>\n\t\t\t<\/div><\/p>\n","protected":false},"author":1,"featured_media":770,"comment_status":"closed","ping_status":"closed","sticky":false,"template":"","format":"standard","meta":{"_et_pb_use_builder":"on","_et_pb_old_content":"","_et_gb_content_width":"","footnotes":""},"categories":[5],"tags":[],"class_list":["post-776","post","type-post","status-publish","format-standard","has-post-thumbnail","hentry","category-ultimas-noticias"],"_links":{"self":[{"href":"https:\/\/ampacamilojosecela.es\/index.php\/wp-json\/wp\/v2\/posts\/776","targetHints":{"allow":["GET"]}}],"collection":[{"href":"https:\/\/ampacamilojosecela.es\/index.php\/wp-json\/wp\/v2\/posts"}],"about":[{"href":"https:\/\/ampacamilojosecela.es\/index.php\/wp-json\/wp\/v2\/types\/post"}],"author":[{"embeddable":true,"href":"https:\/\/ampacamilojosecela.es\/index.php\/wp-json\/wp\/v2\/users\/1"}],"replies":[{"embeddable":true,"href":"https:\/\/ampacamilojosecela.es\/index.php\/wp-json\/wp\/v2\/comments?post=776"}],"version-history":[{"count":6,"href":"https:\/\/ampacamilojosecela.es\/index.php\/wp-json\/wp\/v2\/posts\/776\/revisions"}],"predecessor-version":[{"id":821,"href":"https:\/\/ampacamilojosecela.es\/index.php\/wp-json\/wp\/v2\/posts\/776\/revisions\/821"}],"wp:featuredmedia":[{"embeddable":true,"href":"https:\/\/ampacamilojosecela.es\/index.php\/wp-json\/wp\/v2\/media\/770"}],"wp:attachment":[{"href":"https:\/\/ampacamilojosecela.es\/index.php\/wp-json\/wp\/v2\/media?parent=776"}],"wp:term":[{"taxonomy":"category","embeddable":true,"href":"https:\/\/ampacamilojosecela.es\/index.php\/wp-json\/wp\/v2\/categories?post=776"},{"taxonomy":"post_tag","embeddable":true,"href":"https:\/\/ampacamilojosecela.es\/index.php\/wp-json\/wp\/v2\/tags?post=776"}],"curies":[{"name":"wp","href":"https:\/\/api.w.org\/{rel}","templated":true}]}}