{"id":729,"date":"2023-03-13T08:29:05","date_gmt":"2023-03-13T08:29:05","guid":{"rendered":"https:\/\/ampacamilojosecela.es\/?p=729"},"modified":"2023-03-17T13:07:37","modified_gmt":"2023-03-17T13:07:37","slug":"cinecole-pelicula-las-brujas-de-roal-dahl-viernes-17-de-marzo-a-las-17-15","status":"publish","type":"post","link":"https:\/\/ampacamilojosecela.es\/index.php\/2023\/03\/13\/cinecole-pelicula-las-brujas-de-roal-dahl-viernes-17-de-marzo-a-las-17-15\/","title":{"rendered":"CINECOLE : Pel\u00edcula LAS BRUJAS DE ROAL DAHL  Viernes 17 de marzo a las 17.15"},"content":{"rendered":"<p>[et_pb_section fb_built=\u00bb1&#8243; _builder_version=\u00bb4.19.4&#8243; _module_preset=\u00bbdefault\u00bb global_colors_info=\u00bb{}\u00bb][et_pb_row _builder_version=\u00bb4.19.4&#8243; _module_preset=\u00bbdefault\u00bb global_colors_info=\u00bb{}\u00bb][et_pb_column type=\u00bb4_4&#8243; _builder_version=\u00bb4.19.4&#8243; _module_preset=\u00bbdefault\u00bb global_colors_info=\u00bb{}\u00bb][et_pb_text _builder_version=\u00bb4.19.4&#8243; _module_preset=\u00bbdefault\u00bb global_colors_info=\u00bb{}\u00bb]<\/p>\n<p><strong>\u00a1Vuelve el cine en el colegio!<\/strong><\/p>\n<p><span>Es necesaria inscripci\u00f3n para poder asistir. Gratuito para todo el mundo, viernes d\u00eda 17 de marzo a las 17.15<\/span><\/p>\n<p>EDAD: A<strong> PARTIR DE 7 A\u00d1OS<\/strong><\/p>\n<p><strong>NO SE PERMITE COMER EN LA SALA<\/strong><\/p>\n<p><span>Recordad un adulto por cada unidad familiar como m\u00e1ximo.<\/span><\/p>\n<p><span><\/span><\/p>\n<p>INSCRIPCI\u00d3N CERRADA<span><\/span><\/p>\n<p><span><\/span><\/p>\n<p>&nbsp;<\/p>\n<p>[\/et_pb_text][\/et_pb_column][\/et_pb_row][\/et_pb_section]<\/p>\n","protected":false},"excerpt":{"rendered":"<p>\u00a1Vuelve el cine en el colegio! Es necesaria inscripci\u00f3n para poder asistir. Gratuito para todo el mundo, viernes d\u00eda 17 de marzo a las 17.15 EDAD: A PARTIR DE 7 A\u00d1OS NO SE PERMITE COMER EN LA SALA Recordad un adulto por cada unidad familiar como m\u00e1ximo. INSCRIPCI\u00d3N CERRADA &nbsp;<\/p>\n","protected":false},"author":1,"featured_media":736,"comment_status":"closed","ping_status":"closed","sticky":false,"template":"","format":"standard","meta":{"_et_pb_use_builder":"on","_et_pb_old_content":"","_et_gb_content_width":"","footnotes":""},"categories":[5],"tags":[],"class_list":["post-729","post","type-post","status-publish","format-standard","has-post-thumbnail","hentry","category-ultimas-noticias"],"_links":{"self":[{"href":"https:\/\/ampacamilojosecela.es\/index.php\/wp-json\/wp\/v2\/posts\/729","targetHints":{"allow":["GET"]}}],"collection":[{"href":"https:\/\/ampacamilojosecela.es\/index.php\/wp-json\/wp\/v2\/posts"}],"about":[{"href":"https:\/\/ampacamilojosecela.es\/index.php\/wp-json\/wp\/v2\/types\/post"}],"author":[{"embeddable":true,"href":"https:\/\/ampacamilojosecela.es\/index.php\/wp-json\/wp\/v2\/users\/1"}],"replies":[{"embeddable":true,"href":"https:\/\/ampacamilojosecela.es\/index.php\/wp-json\/wp\/v2\/comments?post=729"}],"version-history":[{"count":7,"href":"https:\/\/ampacamilojosecela.es\/index.php\/wp-json\/wp\/v2\/posts\/729\/revisions"}],"predecessor-version":[{"id":739,"href":"https:\/\/ampacamilojosecela.es\/index.php\/wp-json\/wp\/v2\/posts\/729\/revisions\/739"}],"wp:featuredmedia":[{"embeddable":true,"href":"https:\/\/ampacamilojosecela.es\/index.php\/wp-json\/wp\/v2\/media\/736"}],"wp:attachment":[{"href":"https:\/\/ampacamilojosecela.es\/index.php\/wp-json\/wp\/v2\/media?parent=729"}],"wp:term":[{"taxonomy":"category","embeddable":true,"href":"https:\/\/ampacamilojosecela.es\/index.php\/wp-json\/wp\/v2\/categories?post=729"},{"taxonomy":"post_tag","embeddable":true,"href":"https:\/\/ampacamilojosecela.es\/index.php\/wp-json\/wp\/v2\/tags?post=729"}],"curies":[{"name":"wp","href":"https:\/\/api.w.org\/{rel}","templated":true}]}}