{"id":713,"date":"2023-03-07T14:10:05","date_gmt":"2023-03-07T14:10:05","guid":{"rendered":"https:\/\/ampacamilojosecela.es\/?p=713"},"modified":"2023-03-07T14:10:44","modified_gmt":"2023-03-07T14:10:44","slug":"jornadas-puertas-abiertas-ies-san-fernando","status":"publish","type":"post","link":"https:\/\/ampacamilojosecela.es\/index.php\/2023\/03\/07\/jornadas-puertas-abiertas-ies-san-fernando\/","title":{"rendered":"Jornadas Puertas Abiertas IES San Fernando"},"content":{"rendered":"<p>[et_pb_section fb_built=\u00bb1&#8243; _builder_version=\u00bb4.19.4&#8243; _module_preset=\u00bbdefault\u00bb custom_margin=\u00bb||-46px|||\u00bb global_colors_info=\u00bb{}\u00bb][et_pb_row _builder_version=\u00bb4.19.4&#8243; _module_preset=\u00bbdefault\u00bb custom_padding=\u00bb||0px|||\u00bb global_colors_info=\u00bb{}\u00bb][et_pb_column type=\u00bb4_4&#8243; _builder_version=\u00bb4.19.4&#8243; _module_preset=\u00bbdefault\u00bb global_colors_info=\u00bb{}\u00bb][et_pb_text _builder_version=\u00bb4.19.4&#8243; _module_preset=\u00bbdefault\u00bb hover_enabled=\u00bb0&#8243; global_colors_info=\u00bb{}\u00bb sticky_enabled=\u00bb0&#8243;]<\/p>\n<div>\n<div>Buenos d\u00edas compa\u00f1eros de las AMPAS:<\/div>\n<div>\u00a0<\/div>\n<div>\n<div>Os escribimos para presentar nuestro centro e invitaros a vosotros, junta directiva y a las familias, a que conozc\u00e1is el IES San Fernando, ya que actualmente es el \u00fanico centro p\u00fablico de opci\u00f3n no biling\u00fce de la zona.\u00a0<\/div>\n<div>\u00a0<\/div>\n<div>Os adjuntamos una invitaci\u00f3n de nuestra directora para que pod\u00e1is asistir a nuestras\u00a0\u00a0jornadas de puertas abiertas que se celebrar\u00e1n el 9 y 28 de marzo. Y as\u00ed\u00a0 poder conocer de primera mano nuestras instalaciones, resolver todas las dudas del programa educativo, as\u00ed como de las actividades realizadas en el centro.<\/div>\n<\/p>\n<div>Por favor, no dud\u00e9is en contactar con nosotros si ten\u00e9is cualquier duda, estaremos encantados de ayudaros, y esperamos conoceros en estas jornadas.<\/div>\n<p><span>JUNTA DIRECTIVA DE LA AMPA<\/span><\/div>\n<div>\n<p>Nos pod\u00e9is seguir en las siguientes redes sociales<\/p>\n<p>S\u00edguenos en Twitter: @AMPASanFernando\u00a0 \u00a0<a href=\"https:\/\/twitter.com\/AMPASanFernando\" target=\"_blank\" data-saferedirecturl=\"https:\/\/www.google.com\/url?q=https:\/\/twitter.com\/AMPASanFernando&amp;source=gmail&amp;ust=1678284483612000&amp;usg=AOvVaw1Eb4adK1ZO4ibmeAMyL55b\" rel=\"noopener\">https:\/\/twitter.com\/<wbr \/>AMPASanFernando<\/a><\/p>\n<p>S\u00edguenos en Facebook:\u00a0<a href=\"https:\/\/www.facebook.com\/AMPASanfer\" target=\"_blank\" data-saferedirecturl=\"https:\/\/www.google.com\/url?q=https:\/\/www.facebook.com\/AMPASanfer&amp;source=gmail&amp;ust=1678284483612000&amp;usg=AOvVaw135aEPtvoCsQmALMr7QZch\" rel=\"noopener\">https:\/\/www.<wbr \/>facebook.com\/AMPASanfer<\/a><\/p>\n<p>S\u00edguenos en Instagram:\u00a0<a href=\"https:\/\/www.instagram.com\/ampasanfer\/\" target=\"_blank\" data-saferedirecturl=\"https:\/\/www.google.com\/url?q=https:\/\/www.instagram.com\/ampasanfer\/&amp;source=gmail&amp;ust=1678284483612000&amp;usg=AOvVaw1yRB8unNcKOAtJZpuSq2ih\" rel=\"noopener\">https:\/\/www.<wbr \/>instagram.com\/ampasanfer\/<\/a><\/p>\n<\/div>\n<\/div>\n<div>\n<div dir=\"ltr\">\n<div dir=\"ltr\">\n<div dir=\"ltr\">\n<div dir=\"ltr\">\n<div dir=\"ltr\">\n<div dir=\"ltr\">\n<div dir=\"ltr\">\n<div dir=\"ltr\">\n<div dir=\"ltr\">\n<div dir=\"ltr\">\n<div dir=\"ltr\">\n<div dir=\"ltr\">\n<div dir=\"ltr\">\n<div dir=\"ltr\">\n<div dir=\"ltr\">\n<div dir=\"ltr\">\n<div dir=\"ltr\">\n<div dir=\"ltr\">\n<div dir=\"ltr\">\n<div dir=\"ltr\">\n<div dir=\"ltr\"><\/div>\n<\/div>\n<\/div>\n<\/div>\n<\/div>\n<\/div>\n<\/div>\n<\/div>\n<\/div>\n<\/div>\n<\/div>\n<\/div>\n<\/div>\n<\/div>\n<\/div>\n<\/div>\n<\/div>\n<\/div>\n<\/div>\n<\/div>\n<\/div>\n<\/div>\n<p>[\/et_pb_text][\/et_pb_column][\/et_pb_row][\/et_pb_section][et_pb_section fb_built=\u00bb1&#8243; _builder_version=\u00bb4.19.4&#8243; _module_preset=\u00bbdefault\u00bb custom_padding=\u00bb0px|||||\u00bb global_colors_info=\u00bb{}\u00bb][\/et_pb_section]<\/p>\n","protected":false},"excerpt":{"rendered":"<p>Buenos d\u00edas compa\u00f1eros de las AMPAS: \u00a0 Os escribimos para presentar nuestro centro e invitaros a vosotros, junta directiva y a las familias, a que conozc\u00e1is el IES San Fernando, ya que actualmente es el \u00fanico centro p\u00fablico de opci\u00f3n no biling\u00fce de la zona.\u00a0 \u00a0 Os adjuntamos una invitaci\u00f3n de nuestra directora para que [&hellip;]<\/p>\n","protected":false},"author":1,"featured_media":714,"comment_status":"open","ping_status":"open","sticky":false,"template":"","format":"standard","meta":{"_et_pb_use_builder":"on","_et_pb_old_content":"","_et_gb_content_width":"","footnotes":""},"categories":[5],"tags":[],"class_list":["post-713","post","type-post","status-publish","format-standard","has-post-thumbnail","hentry","category-ultimas-noticias"],"_links":{"self":[{"href":"https:\/\/ampacamilojosecela.es\/index.php\/wp-json\/wp\/v2\/posts\/713","targetHints":{"allow":["GET"]}}],"collection":[{"href":"https:\/\/ampacamilojosecela.es\/index.php\/wp-json\/wp\/v2\/posts"}],"about":[{"href":"https:\/\/ampacamilojosecela.es\/index.php\/wp-json\/wp\/v2\/types\/post"}],"author":[{"embeddable":true,"href":"https:\/\/ampacamilojosecela.es\/index.php\/wp-json\/wp\/v2\/users\/1"}],"replies":[{"embeddable":true,"href":"https:\/\/ampacamilojosecela.es\/index.php\/wp-json\/wp\/v2\/comments?post=713"}],"version-history":[{"count":2,"href":"https:\/\/ampacamilojosecela.es\/index.php\/wp-json\/wp\/v2\/posts\/713\/revisions"}],"predecessor-version":[{"id":716,"href":"https:\/\/ampacamilojosecela.es\/index.php\/wp-json\/wp\/v2\/posts\/713\/revisions\/716"}],"wp:featuredmedia":[{"embeddable":true,"href":"https:\/\/ampacamilojosecela.es\/index.php\/wp-json\/wp\/v2\/media\/714"}],"wp:attachment":[{"href":"https:\/\/ampacamilojosecela.es\/index.php\/wp-json\/wp\/v2\/media?parent=713"}],"wp:term":[{"taxonomy":"category","embeddable":true,"href":"https:\/\/ampacamilojosecela.es\/index.php\/wp-json\/wp\/v2\/categories?post=713"},{"taxonomy":"post_tag","embeddable":true,"href":"https:\/\/ampacamilojosecela.es\/index.php\/wp-json\/wp\/v2\/tags?post=713"}],"curies":[{"name":"wp","href":"https:\/\/api.w.org\/{rel}","templated":true}]}}