{"id":708,"date":"2023-03-07T14:07:53","date_gmt":"2023-03-07T14:07:53","guid":{"rendered":"https:\/\/ampacamilojosecela.es\/?p=708"},"modified":"2023-03-07T14:10:49","modified_gmt":"2023-03-07T14:10:49","slug":"jornadas-puertas-abiertas-padre-piquer","status":"publish","type":"post","link":"https:\/\/ampacamilojosecela.es\/index.php\/2023\/03\/07\/jornadas-puertas-abiertas-padre-piquer\/","title":{"rendered":"Jornadas Puertas Abiertas Padre Piquer"},"content":{"rendered":"\n[et_pb_section fb_built=\u00bb1&#8243; _builder_version=\u00bb4.19.4&#8243; _module_preset=\u00bbdefault\u00bb custom_margin=\u00bb||-46px|||\u00bb global_colors_info=\u00bb{}\u00bb][et_pb_row _builder_version=\u00bb4.19.4&#8243; _module_preset=\u00bbdefault\u00bb custom_padding=\u00bb||0px|||\u00bb global_colors_info=\u00bb{}\u00bb][et_pb_column type=\u00bb4_4&#8243; _builder_version=\u00bb4.19.4&#8243; _module_preset=\u00bbdefault\u00bb global_colors_info=\u00bb{}\u00bb][et_pb_text _builder_version=\u00bb4.19.4&#8243; _module_preset=\u00bbdefault\u00bb hover_enabled=\u00bb0&#8243; global_colors_info=\u00bb{}\u00bb sticky_enabled=\u00bb0&#8243;]<div>Les invitamos a venir a conocer nuestro Centro el<b>\u00a0viernes 24 de marzo de 11 a 13h durante la Jornada de<span>\u00a0<\/span><span class=\"il\">Puertas<\/span><span>\u00a0<\/span><span class=\"il\">Abiertas<\/span><\/b>. En caso de que no pudieran venir pero estuvieran interesados en conocer nuestro proyecto educativo y el colegio en s\u00ed mismo, podemos recibirlos personalmente, pueden escribirme a este correo y los atenderemos encantados. Hemos recibido algunos alumnos del colegio Camilo Jos\u00e9 Cela en los \u00faltimos a\u00f1os y no quer\u00edamos dejar de hacerles llegar nuestra oferta.<\/div>\n<div>Adjunto un folleto informativo sobre la ESO en Padre Piquer.<\/div>\n<div><\/div>\n<div>Un saludo agradecido por su atenci\u00f3n,<\/div>\n<div>\n<div dir=\"ltr\">\n<div dir=\"ltr\"><p><\/p>\n<div dir=\"ltr\">\n<div dir=\"ltr\">\n<div dir=\"ltr\">\n<div dir=\"ltr\">\n<div dir=\"ltr\">\n<div dir=\"ltr\">\n<div dir=\"ltr\">\n<div dir=\"ltr\">\n<div dir=\"ltr\">\n<div dir=\"ltr\">\n<div dir=\"ltr\">\n<div dir=\"ltr\">\n<div dir=\"ltr\">\n<div dir=\"ltr\">\n<div dir=\"ltr\">\n<div dir=\"ltr\">\n<div dir=\"ltr\">\n<div dir=\"ltr\">\n<div dir=\"ltr\">\n<div dir=\"ltr\">\n<table>\n<tbody>\n<tr>\n<td colspan=\"2\"><\/td>\n<\/tr>\n<tr>\n<td>Beatriz N\u00fa\u00f1ez Guti\u00e9rrez de San Miguel<br \/>Directora Pedag\u00f3gica E.S.O. y Bachillerato<br \/><a href=\"mailto:beatriz.nunez@padrepiquer.net\" target=\"_blank\" rel=\"noopener\">beatriz.nunez@padrepiquer.net<\/a><\/td>\n<td><a href=\"https:\/\/goo.gl\/maps\/MC4drGMXopyQSui2A\" target=\"_blank\" data-saferedirecturl=\"https:\/\/www.google.com\/url?q=https:\/\/goo.gl\/maps\/MC4drGMXopyQSui2A&amp;source=gmail&amp;ust=1678281039902000&amp;usg=AOvVaw0OIGBSxJ6Ypb6gMZCca3Yi\" rel=\"noopener\">M\u00e1rtires de la Ventilla, 34<br \/>28029 Madrid<\/a><br \/><a href=\"tel:+34913153947\" target=\"_blank\" rel=\"noopener\">91 315 39 47<\/a><\/td>\n<\/tr>\n<\/tbody>\n<\/table>\n<\/div>\n<\/div>\n<\/div>\n<\/div>\n<\/div>\n<\/div>\n<\/div>\n<\/div>\n<\/div>\n<\/div>\n<\/div>\n<\/div>\n<\/div>\n<\/div>\n<\/div>\n<\/div>\n<\/div>\n<\/div>\n<\/div>\n<\/div>\n<\/div>\n<\/div>\n<\/div>[\/et_pb_text][\/et_pb_column][\/et_pb_row][\/et_pb_section][et_pb_section fb_built=\u00bb1&#8243; _builder_version=\u00bb4.19.4&#8243; _module_preset=\u00bbdefault\u00bb custom_padding=\u00bb0px|||||\u00bb global_colors_info=\u00bb{}\u00bb][\/et_pb_section]\n","protected":false},"excerpt":{"rendered":"<p>Les invitamos a venir a conocer nuestro Centro el\u00a0viernes 24 de marzo de 11 a 13h durante la Jornada de\u00a0Puertas\u00a0Abiertas. En caso de que no pudieran venir pero estuvieran interesados en conocer nuestro proyecto educativo y el colegio en s\u00ed mismo, podemos recibirlos personalmente, pueden escribirme a este correo y los atenderemos encantados. Hemos recibido [&hellip;]<\/p>\n","protected":false},"author":1,"featured_media":711,"comment_status":"open","ping_status":"open","sticky":false,"template":"","format":"standard","meta":{"_et_pb_use_builder":"on","_et_pb_old_content":"","_et_gb_content_width":"","footnotes":""},"categories":[5],"tags":[],"class_list":["post-708","post","type-post","status-publish","format-standard","has-post-thumbnail","hentry","category-ultimas-noticias"],"_links":{"self":[{"href":"https:\/\/ampacamilojosecela.es\/index.php\/wp-json\/wp\/v2\/posts\/708","targetHints":{"allow":["GET"]}}],"collection":[{"href":"https:\/\/ampacamilojosecela.es\/index.php\/wp-json\/wp\/v2\/posts"}],"about":[{"href":"https:\/\/ampacamilojosecela.es\/index.php\/wp-json\/wp\/v2\/types\/post"}],"author":[{"embeddable":true,"href":"https:\/\/ampacamilojosecela.es\/index.php\/wp-json\/wp\/v2\/users\/1"}],"replies":[{"embeddable":true,"href":"https:\/\/ampacamilojosecela.es\/index.php\/wp-json\/wp\/v2\/comments?post=708"}],"version-history":[{"count":3,"href":"https:\/\/ampacamilojosecela.es\/index.php\/wp-json\/wp\/v2\/posts\/708\/revisions"}],"predecessor-version":[{"id":712,"href":"https:\/\/ampacamilojosecela.es\/index.php\/wp-json\/wp\/v2\/posts\/708\/revisions\/712"}],"wp:featuredmedia":[{"embeddable":true,"href":"https:\/\/ampacamilojosecela.es\/index.php\/wp-json\/wp\/v2\/media\/711"}],"wp:attachment":[{"href":"https:\/\/ampacamilojosecela.es\/index.php\/wp-json\/wp\/v2\/media?parent=708"}],"wp:term":[{"taxonomy":"category","embeddable":true,"href":"https:\/\/ampacamilojosecela.es\/index.php\/wp-json\/wp\/v2\/categories?post=708"},{"taxonomy":"post_tag","embeddable":true,"href":"https:\/\/ampacamilojosecela.es\/index.php\/wp-json\/wp\/v2\/tags?post=708"}],"curies":[{"name":"wp","href":"https:\/\/api.w.org\/{rel}","templated":true}]}}