{"id":694,"date":"2023-03-01T12:39:07","date_gmt":"2023-03-01T12:39:07","guid":{"rendered":"https:\/\/ampacamilojosecela.es\/?p=694"},"modified":"2023-03-01T12:40:58","modified_gmt":"2023-03-01T12:40:58","slug":"queremos-saber-tu-opinion-del-ampa","status":"publish","type":"post","link":"https:\/\/ampacamilojosecela.es\/index.php\/2023\/03\/01\/queremos-saber-tu-opinion-del-ampa\/","title":{"rendered":"ENCUESTA: Queremos saber tu opini\u00f3n"},"content":{"rendered":"\n[et_pb_section fb_built=\u00bb1&#8243; _builder_version=\u00bb4.19.4&#8243; _module_preset=\u00bbdefault\u00bb custom_margin=\u00bb||-46px|||\u00bb global_colors_info=\u00bb{}\u00bb][et_pb_row _builder_version=\u00bb4.19.4&#8243; _module_preset=\u00bbdefault\u00bb custom_padding=\u00bb||0px|||\u00bb global_colors_info=\u00bb{}\u00bb][et_pb_column type=\u00bb4_4&#8243; _builder_version=\u00bb4.19.4&#8243; _module_preset=\u00bbdefault\u00bb global_colors_info=\u00bb{}\u00bb][et_pb_text _builder_version=\u00bb4.19.4&#8243; _module_preset=\u00bbdefault\u00bb hover_enabled=\u00bb0&#8243; global_colors_info=\u00bb{}\u00bb sticky_enabled=\u00bb0&#8243;]<p><span>Estimadas familias: Desde el AMPA hemos elaborado una encuesta para recoger vuestra opini\u00f3n sobre la actividad del AMPA en los \u00faltimos a\u00f1os. El AMPA est\u00e1 formada por familias voluntarias del cole que trabajamos con el objetivo de contribuir a mejorar la calidad de la ense\u00f1anza y la atenci\u00f3n que nuestros hijos e hijas reciben, asistir a las familias y promover su participaci\u00f3n en el colegio. Es muy importante conocer vuestra opini\u00f3n sobre las actividades realizadas, saber cu\u00e1les son las necesidades reales de las familias de nuestro Colegio y cu\u00e1les deber\u00edan ser las prioridades del AMPA para mejorar entre todos la vida en el Camilo. Rellenar la encuesta os llevar\u00e1 tan solo unos minutos. Muchas gracias por vuestra colaboraci\u00f3n.<\/span><\/p>\n<p><a href=\"https:\/\/docs.google.com\/forms\/d\/e\/1FAIpQLSd7Qo9gczqdyIzOZ2PVjOx5Xc1wddgyOFciHu6kSzWv04Yl8Q\/viewform\" target=\"_blank\" rel=\"noopener noreferrer\">https:\/\/docs.google.com\/forms\/d\/e\/1FAIpQLSd7Qo9gczqdyIzOZ2PVjOx5Xc1wddgyOFciHu6kSzWv04Yl8Q\/viewform<\/a><\/p>\n<p>&nbsp;<\/p>[\/et_pb_text][\/et_pb_column][\/et_pb_row][\/et_pb_section][et_pb_section fb_built=\u00bb1&#8243; _builder_version=\u00bb4.19.4&#8243; _module_preset=\u00bbdefault\u00bb custom_padding=\u00bb0px|||||\u00bb global_colors_info=\u00bb{}\u00bb][\/et_pb_section]\n","protected":false},"excerpt":{"rendered":"<p>Estimadas familias: Desde el AMPA hemos elaborado una encuesta para recoger vuestra opini\u00f3n sobre la actividad del AMPA en los \u00faltimos a\u00f1os. El AMPA est\u00e1 formada por familias voluntarias del cole que trabajamos con el objetivo de contribuir a mejorar la calidad de la ense\u00f1anza y la atenci\u00f3n que nuestros hijos e hijas reciben, asistir [&hellip;]<\/p>\n","protected":false},"author":1,"featured_media":453,"comment_status":"open","ping_status":"open","sticky":false,"template":"","format":"standard","meta":{"_et_pb_use_builder":"on","_et_pb_old_content":"","_et_gb_content_width":"","footnotes":""},"categories":[5],"tags":[],"class_list":["post-694","post","type-post","status-publish","format-standard","has-post-thumbnail","hentry","category-ultimas-noticias"],"_links":{"self":[{"href":"https:\/\/ampacamilojosecela.es\/index.php\/wp-json\/wp\/v2\/posts\/694","targetHints":{"allow":["GET"]}}],"collection":[{"href":"https:\/\/ampacamilojosecela.es\/index.php\/wp-json\/wp\/v2\/posts"}],"about":[{"href":"https:\/\/ampacamilojosecela.es\/index.php\/wp-json\/wp\/v2\/types\/post"}],"author":[{"embeddable":true,"href":"https:\/\/ampacamilojosecela.es\/index.php\/wp-json\/wp\/v2\/users\/1"}],"replies":[{"embeddable":true,"href":"https:\/\/ampacamilojosecela.es\/index.php\/wp-json\/wp\/v2\/comments?post=694"}],"version-history":[{"count":3,"href":"https:\/\/ampacamilojosecela.es\/index.php\/wp-json\/wp\/v2\/posts\/694\/revisions"}],"predecessor-version":[{"id":698,"href":"https:\/\/ampacamilojosecela.es\/index.php\/wp-json\/wp\/v2\/posts\/694\/revisions\/698"}],"wp:featuredmedia":[{"embeddable":true,"href":"https:\/\/ampacamilojosecela.es\/index.php\/wp-json\/wp\/v2\/media\/453"}],"wp:attachment":[{"href":"https:\/\/ampacamilojosecela.es\/index.php\/wp-json\/wp\/v2\/media?parent=694"}],"wp:term":[{"taxonomy":"category","embeddable":true,"href":"https:\/\/ampacamilojosecela.es\/index.php\/wp-json\/wp\/v2\/categories?post=694"},{"taxonomy":"post_tag","embeddable":true,"href":"https:\/\/ampacamilojosecela.es\/index.php\/wp-json\/wp\/v2\/tags?post=694"}],"curies":[{"name":"wp","href":"https:\/\/api.w.org\/{rel}","templated":true}]}}