{"id":683,"date":"2023-02-21T06:30:48","date_gmt":"2023-02-21T06:30:48","guid":{"rendered":"https:\/\/ampacamilojosecela.es\/?p=683"},"modified":"2023-02-21T06:33:35","modified_gmt":"2023-02-21T06:33:35","slug":"escuela-de-familias-charla-de-la-policia-nacional-sobre-acoso-escolar-riesgos-de-internet-y-redes-sociales","status":"publish","type":"post","link":"https:\/\/ampacamilojosecela.es\/index.php\/2023\/02\/21\/escuela-de-familias-charla-de-la-policia-nacional-sobre-acoso-escolar-riesgos-de-internet-y-redes-sociales\/","title":{"rendered":"ESCUELA DE FAMILIAS : Charla de la Polic\u00eda Nacional sobre Acoso escolar, Riesgos de Internet y Redes sociales"},"content":{"rendered":"<p>[et_pb_section fb_built=\u00bb1&#8243; _builder_version=\u00bb4.19.4&#8243; _module_preset=\u00bbdefault\u00bb custom_margin=\u00bb||-46px|||\u00bb global_colors_info=\u00bb{}\u00bb][et_pb_row _builder_version=\u00bb4.19.4&#8243; _module_preset=\u00bbdefault\u00bb custom_padding=\u00bb||0px|||\u00bb global_colors_info=\u00bb{}\u00bb][et_pb_column type=\u00bb4_4&#8243; _builder_version=\u00bb4.19.4&#8243; _module_preset=\u00bbdefault\u00bb global_colors_info=\u00bb{}\u00bb][et_pb_text _builder_version=\u00bb4.19.4&#8243; _module_preset=\u00bbdefault\u00bb hover_enabled=\u00bb0&#8243; global_colors_info=\u00bb{}\u00bb sticky_enabled=\u00bb0&#8243;]<\/p>\n<p><b>D\u00eda 22 de Febrero DE 16:00 \u00a0A\u00a0 17.00 H\u00a0 EN EL AULA DE PSICOMOTRICIDAD<\/b><\/p>\n<h1><span style=\"color: #99cc00;\"><b>PLAN DIRECTOR &#8211; POLIC\u00cdA NACIONAL<\/b><\/span><\/h1>\n<p><span style=\"color: #339966;\"><b>CHARLA SOBRE ACOSO ESCOLAR, RIESGOS DE INTERNET Y VIOLENCIA DE G\u00c9NERO.<\/b><\/span><\/p>\n<p><span style=\"color: #339966;\"><b>Escuela de Familias, no es necesaria inscripci\u00f3n.<\/b><\/span><\/p>\n<p><span style=\"color: #339966;\"><b>\u00a1OS ESPERAMOS!<\/b><\/span><\/p>\n<p>&nbsp;<\/p>\n<p>[\/et_pb_text][\/et_pb_column][\/et_pb_row][\/et_pb_section][et_pb_section fb_built=\u00bb1&#8243; _builder_version=\u00bb4.19.4&#8243; _module_preset=\u00bbdefault\u00bb custom_padding=\u00bb0px|||||\u00bb global_colors_info=\u00bb{}\u00bb][et_pb_row _builder_version=\u00bb4.19.4&#8243; _module_preset=\u00bbdefault\u00bb global_colors_info=\u00bb{}\u00bb][et_pb_column type=\u00bb4_4&#8243; _builder_version=\u00bb4.19.4&#8243; _module_preset=\u00bbdefault\u00bb global_colors_info=\u00bb{}\u00bb][et_pb_image src=\u00bbhttps:\/\/ampacamilojosecela.es\/wp-content\/uploads\/2023\/02\/Plan_Director_para_la_Convivencia_y_Mejora_de_la_Seguridad_en_los_Centros_Educativos_cartel_126200233_web.png\u00bb title_text=\u00bbPlan_Director_para_la_Convivencia_y_Mejora_de_la_Seguridad_en_los_Centros_Educativos_cartel_126200233_web\u00bb _builder_version=\u00bb4.19.4&#8243; _module_preset=\u00bbdefault\u00bb hover_enabled=\u00bb0&#8243; global_colors_info=\u00bb{}\u00bb sticky_enabled=\u00bb0&#8243;][\/et_pb_image][\/et_pb_column][\/et_pb_row][\/et_pb_section]<\/p>\n","protected":false},"excerpt":{"rendered":"<p>D\u00eda 22 de Febrero DE 16:00 \u00a0A\u00a0 17.00 H\u00a0 EN EL AULA DE PSICOMOTRICIDAD PLAN DIRECTOR &#8211; POLIC\u00cdA NACIONAL CHARLA SOBRE ACOSO ESCOLAR, RIESGOS DE INTERNET Y VIOLENCIA DE G\u00c9NERO. Escuela de Familias, no es necesaria inscripci\u00f3n. \u00a1OS ESPERAMOS! &nbsp;<\/p>\n","protected":false},"author":1,"featured_media":684,"comment_status":"closed","ping_status":"closed","sticky":false,"template":"","format":"standard","meta":{"_et_pb_use_builder":"on","_et_pb_old_content":"","_et_gb_content_width":"1080","footnotes":""},"categories":[5],"tags":[],"class_list":["post-683","post","type-post","status-publish","format-standard","has-post-thumbnail","hentry","category-ultimas-noticias"],"_links":{"self":[{"href":"https:\/\/ampacamilojosecela.es\/index.php\/wp-json\/wp\/v2\/posts\/683","targetHints":{"allow":["GET"]}}],"collection":[{"href":"https:\/\/ampacamilojosecela.es\/index.php\/wp-json\/wp\/v2\/posts"}],"about":[{"href":"https:\/\/ampacamilojosecela.es\/index.php\/wp-json\/wp\/v2\/types\/post"}],"author":[{"embeddable":true,"href":"https:\/\/ampacamilojosecela.es\/index.php\/wp-json\/wp\/v2\/users\/1"}],"replies":[{"embeddable":true,"href":"https:\/\/ampacamilojosecela.es\/index.php\/wp-json\/wp\/v2\/comments?post=683"}],"version-history":[{"count":3,"href":"https:\/\/ampacamilojosecela.es\/index.php\/wp-json\/wp\/v2\/posts\/683\/revisions"}],"predecessor-version":[{"id":689,"href":"https:\/\/ampacamilojosecela.es\/index.php\/wp-json\/wp\/v2\/posts\/683\/revisions\/689"}],"wp:featuredmedia":[{"embeddable":true,"href":"https:\/\/ampacamilojosecela.es\/index.php\/wp-json\/wp\/v2\/media\/684"}],"wp:attachment":[{"href":"https:\/\/ampacamilojosecela.es\/index.php\/wp-json\/wp\/v2\/media?parent=683"}],"wp:term":[{"taxonomy":"category","embeddable":true,"href":"https:\/\/ampacamilojosecela.es\/index.php\/wp-json\/wp\/v2\/categories?post=683"},{"taxonomy":"post_tag","embeddable":true,"href":"https:\/\/ampacamilojosecela.es\/index.php\/wp-json\/wp\/v2\/tags?post=683"}],"curies":[{"name":"wp","href":"https:\/\/api.w.org\/{rel}","templated":true}]}}