{"id":626,"date":"2023-02-10T10:43:22","date_gmt":"2023-02-10T10:43:22","guid":{"rendered":"https:\/\/ampacamilojosecela.es\/?p=626"},"modified":"2023-02-10T11:20:55","modified_gmt":"2023-02-10T11:20:55","slug":"carnaval-en-el-colegio","status":"publish","type":"post","link":"https:\/\/ampacamilojosecela.es\/index.php\/2023\/02\/10\/carnaval-en-el-colegio\/","title":{"rendered":"VIERNES17 FEBRERO A LAS 5.30 \u00a1 Carnaval en el colegio!"},"content":{"rendered":"<p>[et_pb_section fb_built=\u00bb1&#8243; _builder_version=\u00bb4.19.4&#8243; _module_preset=\u00bbdefault\u00bb custom_margin=\u00bb||-46px|||\u00bb global_colors_info=\u00bb{}\u00bb][et_pb_row _builder_version=\u00bb4.19.4&#8243; _module_preset=\u00bbdefault\u00bb custom_padding=\u00bb||0px|||\u00bb global_colors_info=\u00bb{}\u00bb][et_pb_column type=\u00bb4_4&#8243; _builder_version=\u00bb4.19.4&#8243; _module_preset=\u00bbdefault\u00bb global_colors_info=\u00bb{}\u00bb][et_pb_text _builder_version=\u00bb4.19.4&#8243; _module_preset=\u00bbdefault\u00bb global_colors_info=\u00bb{}\u00bb]<\/p>\n<p><b>D\u00eda 17 de Febrero a las 5.35<\/b><\/p>\n<h1><span style=\"color: #99cc00;\"><b>PASACALLES DE CARNAVAL Y CHOCOLATADA<\/b><\/span><\/h1>\n<h3><b>OS ESPERAMOS!<\/b><\/h3>\n<p><span style=\"color: #339966;\"><b>No olvid\u00e9is que en esta fiesta NO HABR\u00c1 VASOS DE PL\u00c1STICO O CART\u00d3N DESECHABLES.<\/b><\/span><\/p>\n<p>Queremos ser sostenibles, y os proponemos que traig\u00e1is vasos reutilizables para el chocolate. Si os olvid\u00e1is, nosotros venderemos vasos reutilizables con nuestro logo a 50cts.<\/p>\n<p>Habr\u00e1 mercadillo de los alumnos de 6\u00ba curso para recaudar para el viaje de fin de curso.<\/p>\n<p>&nbsp;<\/p>\n<p>[\/et_pb_text][\/et_pb_column][\/et_pb_row][\/et_pb_section][et_pb_section fb_built=\u00bb1&#8243; _builder_version=\u00bb4.19.4&#8243; _module_preset=\u00bbdefault\u00bb custom_padding=\u00bb0px|||||\u00bb global_colors_info=\u00bb{}\u00bb][et_pb_row _builder_version=\u00bb4.19.4&#8243; _module_preset=\u00bbdefault\u00bb global_colors_info=\u00bb{}\u00bb][et_pb_column type=\u00bb4_4&#8243; _builder_version=\u00bb4.19.4&#8243; _module_preset=\u00bbdefault\u00bb global_colors_info=\u00bb{}\u00bb][et_pb_image src=\u00bbhttps:\/\/ampacamilojosecela.es\/wp-content\/uploads\/2023\/01\/Carnaval-02-02.jpg\u00bb _builder_version=\u00bb4.19.4&#8243; _module_preset=\u00bbdefault\u00bb global_colors_info=\u00bb{}\u00bb][\/et_pb_image][\/et_pb_column][\/et_pb_row][\/et_pb_section]<\/p>\n","protected":false},"excerpt":{"rendered":"<p>D\u00eda 17 de Febrero a las 5.35 PASACALLES DE CARNAVAL Y CHOCOLATADA OS ESPERAMOS! No olvid\u00e9is que en esta fiesta NO HABR\u00c1 VASOS DE PL\u00c1STICO O CART\u00d3N DESECHABLES. Queremos ser sostenibles, y os proponemos que traig\u00e1is vasos reutilizables para el chocolate. Si os olvid\u00e1is, nosotros venderemos vasos reutilizables con nuestro logo a 50cts. Habr\u00e1 mercadillo [&hellip;]<\/p>\n","protected":false},"author":1,"featured_media":628,"comment_status":"closed","ping_status":"closed","sticky":false,"template":"","format":"standard","meta":{"_et_pb_use_builder":"on","_et_pb_old_content":"","_et_gb_content_width":"1080","footnotes":""},"categories":[5],"tags":[],"class_list":["post-626","post","type-post","status-publish","format-standard","has-post-thumbnail","hentry","category-ultimas-noticias"],"_links":{"self":[{"href":"https:\/\/ampacamilojosecela.es\/index.php\/wp-json\/wp\/v2\/posts\/626","targetHints":{"allow":["GET"]}}],"collection":[{"href":"https:\/\/ampacamilojosecela.es\/index.php\/wp-json\/wp\/v2\/posts"}],"about":[{"href":"https:\/\/ampacamilojosecela.es\/index.php\/wp-json\/wp\/v2\/types\/post"}],"author":[{"embeddable":true,"href":"https:\/\/ampacamilojosecela.es\/index.php\/wp-json\/wp\/v2\/users\/1"}],"replies":[{"embeddable":true,"href":"https:\/\/ampacamilojosecela.es\/index.php\/wp-json\/wp\/v2\/comments?post=626"}],"version-history":[{"count":5,"href":"https:\/\/ampacamilojosecela.es\/index.php\/wp-json\/wp\/v2\/posts\/626\/revisions"}],"predecessor-version":[{"id":632,"href":"https:\/\/ampacamilojosecela.es\/index.php\/wp-json\/wp\/v2\/posts\/626\/revisions\/632"}],"wp:featuredmedia":[{"embeddable":true,"href":"https:\/\/ampacamilojosecela.es\/index.php\/wp-json\/wp\/v2\/media\/628"}],"wp:attachment":[{"href":"https:\/\/ampacamilojosecela.es\/index.php\/wp-json\/wp\/v2\/media?parent=626"}],"wp:term":[{"taxonomy":"category","embeddable":true,"href":"https:\/\/ampacamilojosecela.es\/index.php\/wp-json\/wp\/v2\/categories?post=626"},{"taxonomy":"post_tag","embeddable":true,"href":"https:\/\/ampacamilojosecela.es\/index.php\/wp-json\/wp\/v2\/tags?post=626"}],"curies":[{"name":"wp","href":"https:\/\/api.w.org\/{rel}","templated":true}]}}