{"id":598,"date":"2023-01-09T10:31:35","date_gmt":"2023-01-09T10:31:35","guid":{"rendered":"https:\/\/ampacamilojosecela.es\/?p=598"},"modified":"2023-02-07T11:37:06","modified_gmt":"2023-02-07T11:37:06","slug":"cinecole-pelicula-canta-2-viernes-13-enero-1730","status":"publish","type":"post","link":"https:\/\/ampacamilojosecela.es\/index.php\/2023\/01\/09\/cinecole-pelicula-canta-2-viernes-13-enero-1730\/","title":{"rendered":"CINECOLE : Pel\u00edcula CANTA 2  Viernes 13 Enero 17:30"},"content":{"rendered":"<p>[et_pb_section fb_built=\u00bb1&#8243; _builder_version=\u00bb4.19.4&#8243; _module_preset=\u00bbdefault\u00bb global_colors_info=\u00bb{}\u00bb][et_pb_row _builder_version=\u00bb4.19.4&#8243; _module_preset=\u00bbdefault\u00bb global_colors_info=\u00bb{}\u00bb][et_pb_column type=\u00bb4_4&#8243; _builder_version=\u00bb4.19.4&#8243; _module_preset=\u00bbdefault\u00bb global_colors_info=\u00bb{}\u00bb][et_pb_text _builder_version=\u00bb4.19.4&#8243; _module_preset=\u00bbdefault\u00bb hover_enabled=\u00bb0&#8243; global_colors_info=\u00bb{}\u00bb sticky_enabled=\u00bb0&#8243;]<\/p>\n<p><strong>\u00a1Vuelve el cine en el colegio!<\/strong><\/p>\n<p><span>Es necesaria inscripci\u00f3n para poder asistir. Gratuito para todo el mundo, viernes d\u00eda 13 de enero a las 17.30<\/span><\/p>\n<p><span>Recordad un adulto por cada unidad familiar como m\u00e1ximo.<\/span><\/p>\n<p><span><\/span><\/p>\n<h2><span>AFORO COMPLETO. INSCRIPCI\u00d3N CERRADA.<\/span><\/h2>\n<p>&nbsp;<\/p>\n<p>&nbsp;<\/p>\n<p>[\/et_pb_text][\/et_pb_column][\/et_pb_row][\/et_pb_section]<\/p>\n","protected":false},"excerpt":{"rendered":"<p>\u00a1Vuelve el cine en el colegio! Es necesaria inscripci\u00f3n para poder asistir. Gratuito para todo el mundo, viernes d\u00eda 13 de enero a las 17.30 Recordad un adulto por cada unidad familiar como m\u00e1ximo. AFORO COMPLETO. INSCRIPCI\u00d3N CERRADA. &nbsp; &nbsp;<\/p>\n","protected":false},"author":1,"featured_media":600,"comment_status":"closed","ping_status":"closed","sticky":false,"template":"","format":"standard","meta":{"_et_pb_use_builder":"on","_et_pb_old_content":"","_et_gb_content_width":"","footnotes":""},"categories":[5],"tags":[],"class_list":["post-598","post","type-post","status-publish","format-standard","has-post-thumbnail","hentry","category-ultimas-noticias"],"_links":{"self":[{"href":"https:\/\/ampacamilojosecela.es\/index.php\/wp-json\/wp\/v2\/posts\/598","targetHints":{"allow":["GET"]}}],"collection":[{"href":"https:\/\/ampacamilojosecela.es\/index.php\/wp-json\/wp\/v2\/posts"}],"about":[{"href":"https:\/\/ampacamilojosecela.es\/index.php\/wp-json\/wp\/v2\/types\/post"}],"author":[{"embeddable":true,"href":"https:\/\/ampacamilojosecela.es\/index.php\/wp-json\/wp\/v2\/users\/1"}],"replies":[{"embeddable":true,"href":"https:\/\/ampacamilojosecela.es\/index.php\/wp-json\/wp\/v2\/comments?post=598"}],"version-history":[{"count":8,"href":"https:\/\/ampacamilojosecela.es\/index.php\/wp-json\/wp\/v2\/posts\/598\/revisions"}],"predecessor-version":[{"id":619,"href":"https:\/\/ampacamilojosecela.es\/index.php\/wp-json\/wp\/v2\/posts\/598\/revisions\/619"}],"wp:featuredmedia":[{"embeddable":true,"href":"https:\/\/ampacamilojosecela.es\/index.php\/wp-json\/wp\/v2\/media\/600"}],"wp:attachment":[{"href":"https:\/\/ampacamilojosecela.es\/index.php\/wp-json\/wp\/v2\/media?parent=598"}],"wp:term":[{"taxonomy":"category","embeddable":true,"href":"https:\/\/ampacamilojosecela.es\/index.php\/wp-json\/wp\/v2\/categories?post=598"},{"taxonomy":"post_tag","embeddable":true,"href":"https:\/\/ampacamilojosecela.es\/index.php\/wp-json\/wp\/v2\/tags?post=598"}],"curies":[{"name":"wp","href":"https:\/\/api.w.org\/{rel}","templated":true}]}}