{"id":428,"date":"2023-09-27T07:10:30","date_gmt":"2023-09-27T07:10:30","guid":{"rendered":"https:\/\/ampacamilojosecela.es\/2023\/?p=428"},"modified":"2023-09-27T11:50:16","modified_gmt":"2023-09-27T11:50:16","slug":"recogida-de-los-ninos-a-las-5-de-la-tarde-extraescolares","status":"publish","type":"post","link":"https:\/\/ampacamilojosecela.es\/index.php\/2023\/09\/27\/recogida-de-los-ninos-a-las-5-de-la-tarde-extraescolares\/","title":{"rendered":"OCTUBRE A MAYO &#8211; Recogida de los ni\u00f1os a las 5 de la tarde (EXTRAESCOLARES)"},"content":{"rendered":"\n[et_pb_section fb_built=\u00bb1&#8243; _builder_version=\u00bb4.19.4&#8243; _module_preset=\u00bbdefault\u00bb global_colors_info=\u00bb{}\u00bb][et_pb_row _builder_version=\u00bb4.19.4&#8243; _module_preset=\u00bbdefault\u00bb global_colors_info=\u00bb{}\u00bb][et_pb_column type=\u00bb4_4&#8243; _builder_version=\u00bb4.19.4&#8243; _module_preset=\u00bbdefault\u00bb global_colors_info=\u00bb{}\u00bb][et_pb_text _builder_version=\u00bb4.19.4&#8243; _module_preset=\u00bbdefault\u00bb global_colors_info=\u00bb{}\u00bb]<p><span>SALIDAS DE LOS NI\u00d1OS A LAS 5 DE LA TARDE (EXTRAESCOLARES). SE ENTRA POR LA PUERTA CENTRAL . Los padres esperar\u00e1n en el patio trasero cubierto y en NING\u00daN CASO subir\u00e1n los escalones para recoger a sus hijos. Las empresas estar\u00e1n en lo alto de las escaleras. Recordad la autorizaci\u00f3n si alguien diferente a madre\/padre\/tutor legal va a recoger a los ni\u00f1os<\/span><\/p>[\/et_pb_text][et_pb_image src=\u00bbhttps:\/\/ampacamilojosecela.es\/wp-content\/uploads\/2022\/12\/SALIDA-A-LAS-5-DE-LA-TARDE-EXTRAESCOLARES-1200x500_c.jpg\u00bb _builder_version=\u00bb4.21.0&#8243; _module_preset=\u00bbdefault\u00bb title_text=\u00bbSALIDA-A-LAS-5-DE-LA-TARDE-EXTRAESCOLARES-1200x500_c\u00bb hover_enabled=\u00bb0&#8243; sticky_enabled=\u00bb0&#8243;][\/et_pb_image][\/et_pb_column][\/et_pb_row][\/et_pb_section]\n","protected":false},"excerpt":{"rendered":"<p>SALIDAS DE LOS NI\u00d1OS A LAS 5 DE LA TARDE (EXTRAESCOLARES). SE ENTRA POR LA PUERTA CENTRAL . Los padres esperar\u00e1n en el patio trasero cubierto y en NING\u00daN CASO subir\u00e1n los escalones para recoger a sus hijos. Las empresas estar\u00e1n en lo alto de las escaleras. Recordad la autorizaci\u00f3n si alguien diferente a madre\/padre\/tutor [&hellip;]<\/p>\n","protected":false},"author":1,"featured_media":429,"comment_status":"closed","ping_status":"closed","sticky":true,"template":"","format":"standard","meta":{"_et_pb_use_builder":"on","_et_pb_old_content":"","_et_gb_content_width":"1080","footnotes":""},"categories":[5],"tags":[],"class_list":["post-428","post","type-post","status-publish","format-standard","has-post-thumbnail","hentry","category-ultimas-noticias"],"_links":{"self":[{"href":"https:\/\/ampacamilojosecela.es\/index.php\/wp-json\/wp\/v2\/posts\/428","targetHints":{"allow":["GET"]}}],"collection":[{"href":"https:\/\/ampacamilojosecela.es\/index.php\/wp-json\/wp\/v2\/posts"}],"about":[{"href":"https:\/\/ampacamilojosecela.es\/index.php\/wp-json\/wp\/v2\/types\/post"}],"author":[{"embeddable":true,"href":"https:\/\/ampacamilojosecela.es\/index.php\/wp-json\/wp\/v2\/users\/1"}],"replies":[{"embeddable":true,"href":"https:\/\/ampacamilojosecela.es\/index.php\/wp-json\/wp\/v2\/comments?post=428"}],"version-history":[{"count":5,"href":"https:\/\/ampacamilojosecela.es\/index.php\/wp-json\/wp\/v2\/posts\/428\/revisions"}],"predecessor-version":[{"id":927,"href":"https:\/\/ampacamilojosecela.es\/index.php\/wp-json\/wp\/v2\/posts\/428\/revisions\/927"}],"wp:featuredmedia":[{"embeddable":true,"href":"https:\/\/ampacamilojosecela.es\/index.php\/wp-json\/wp\/v2\/media\/429"}],"wp:attachment":[{"href":"https:\/\/ampacamilojosecela.es\/index.php\/wp-json\/wp\/v2\/media?parent=428"}],"wp:term":[{"taxonomy":"category","embeddable":true,"href":"https:\/\/ampacamilojosecela.es\/index.php\/wp-json\/wp\/v2\/categories?post=428"},{"taxonomy":"post_tag","embeddable":true,"href":"https:\/\/ampacamilojosecela.es\/index.php\/wp-json\/wp\/v2\/tags?post=428"}],"curies":[{"name":"wp","href":"https:\/\/api.w.org\/{rel}","templated":true}]}}