{"id":1553,"date":"2025-05-19T08:49:10","date_gmt":"2025-05-19T08:49:10","guid":{"rendered":"https:\/\/ampacamilojosecela.es\/?p=1553"},"modified":"2025-05-21T06:34:26","modified_gmt":"2025-05-21T06:34:26","slug":"cuentacuentos-animalario-cantacuentos-estrafalario-de-titirisolfa","status":"publish","type":"post","link":"https:\/\/ampacamilojosecela.es\/index.php\/2025\/05\/19\/cuentacuentos-animalario-cantacuentos-estrafalario-de-titirisolfa\/","title":{"rendered":"Cuentacuentos: Animalario, cantacuentos estrafalario de Titirisolfa"},"content":{"rendered":"\n<p>\u00a1Queridas familias!<\/p>\n\n\n\n<p>De la mano de la compa\u00f1\u00eda Titirisolfa, os invitamos al cuentacuentos <em>Animalario, cantacuentos estrafalario <\/em> el pr\u00f3ximo <strong>viernes 30 de mayo, a las 17:45h,<\/strong> en la sala de psicomotricidad del cole.<\/p>\n\n\n\n<p>Para asistir, ten\u00e9is que inscribiros en el siguiente enlace <a href=\"https:\/\/forms.gle\/SNJwA5yMTimu4KKj6\">https:\/\/forms.gle\/SNJwA5yMTimu4KKj6<\/a><\/p>\n\n\n\n<p><strong>El aforo es limitado y las plazas se asignar\u00e1n por estricto orden de inscripci\u00f3n, dando prioridad a las familias socias del AMPA.<\/strong><\/p>\n\n\n\n<p>Para disfrutar todos juntos y hacer m\u00e1s f\u00e1cil el trabajo de los profesionales, rogamos que las familias velen por que los ni\u00f1os mantengan orden durante la representaci\u00f3n, saliendo de la sala puntualmente si lo necesitan. Y&nbsp;para que los peques aprovechen las plazas al m\u00e1ximo: solo un adulto por cada unidad familiar. <\/p>\n\n\n\n<p>\u00a1Nos lo pasaremos en grande, \u00a1os esperamos!<\/p>\n\n\n\n<p><strong>Sobre Animalario, cantacuentos estrafalario<\/strong><\/p>\n\n\n\n<p>Sesi\u00f3n familiar de cuentos, canciones, juegos y poemas que nos traer\u00e1n a los animales como protagonistas.<\/p>\n\n\n\n<p>Un espect\u00e1culo pensado para p\u00fablico de 1 a 101 a\u00f1os, disfrutable por cualquier persona con capacidad para so\u00f1ar, jugar y cantar.<\/p>\n\n\n\n<figure class=\"wp-block-image size-large\"><img decoding=\"async\" src=\"https:\/\/ampacamilojosecela.es\/wp-content\/uploads\/2025\/05\/WhatsApp-Image-2025-05-20-at-15.43.09-724x1024.jpeg\" alt=\"\" class=\"wp-image-1564\"\/><\/figure>\n\n\n\n<p><br><\/p>\n","protected":false},"excerpt":{"rendered":"<p>\u00a1Queridas familias! De la mano de la compa\u00f1\u00eda Titirisolfa, os invitamos al cuentacuentos Animalario, cantacuentos estrafalario el pr\u00f3ximo viernes 30 de mayo, a las 17:45h, en la sala de psicomotricidad del cole. Para asistir, ten\u00e9is que inscribiros en el siguiente enlace https:\/\/forms.gle\/SNJwA5yMTimu4KKj6 El aforo es limitado y las plazas se asignar\u00e1n por estricto orden de [&hellip;]<\/p>\n","protected":false},"author":10,"featured_media":1564,"comment_status":"open","ping_status":"open","sticky":false,"template":"","format":"standard","meta":{"_et_pb_use_builder":"off","_et_pb_old_content":"","_et_gb_content_width":"","footnotes":""},"categories":[5],"tags":[23,34,35,32],"class_list":["post-1553","post","type-post","status-publish","format-standard","has-post-thumbnail","hentry","category-ultimas-noticias","tag-actividades","tag-cuentacuentos","tag-cuentos","tag-familias"],"_links":{"self":[{"href":"https:\/\/ampacamilojosecela.es\/index.php\/wp-json\/wp\/v2\/posts\/1553","targetHints":{"allow":["GET"]}}],"collection":[{"href":"https:\/\/ampacamilojosecela.es\/index.php\/wp-json\/wp\/v2\/posts"}],"about":[{"href":"https:\/\/ampacamilojosecela.es\/index.php\/wp-json\/wp\/v2\/types\/post"}],"author":[{"embeddable":true,"href":"https:\/\/ampacamilojosecela.es\/index.php\/wp-json\/wp\/v2\/users\/10"}],"replies":[{"embeddable":true,"href":"https:\/\/ampacamilojosecela.es\/index.php\/wp-json\/wp\/v2\/comments?post=1553"}],"version-history":[{"count":4,"href":"https:\/\/ampacamilojosecela.es\/index.php\/wp-json\/wp\/v2\/posts\/1553\/revisions"}],"predecessor-version":[{"id":1566,"href":"https:\/\/ampacamilojosecela.es\/index.php\/wp-json\/wp\/v2\/posts\/1553\/revisions\/1566"}],"wp:featuredmedia":[{"embeddable":true,"href":"https:\/\/ampacamilojosecela.es\/index.php\/wp-json\/wp\/v2\/media\/1564"}],"wp:attachment":[{"href":"https:\/\/ampacamilojosecela.es\/index.php\/wp-json\/wp\/v2\/media?parent=1553"}],"wp:term":[{"taxonomy":"category","embeddable":true,"href":"https:\/\/ampacamilojosecela.es\/index.php\/wp-json\/wp\/v2\/categories?post=1553"},{"taxonomy":"post_tag","embeddable":true,"href":"https:\/\/ampacamilojosecela.es\/index.php\/wp-json\/wp\/v2\/tags?post=1553"}],"curies":[{"name":"wp","href":"https:\/\/api.w.org\/{rel}","templated":true}]}}