{"id":1500,"date":"2025-03-17T12:40:29","date_gmt":"2025-03-17T12:40:29","guid":{"rendered":"https:\/\/ampacamilojosecela.es\/?p=1500"},"modified":"2025-03-17T12:40:30","modified_gmt":"2025-03-17T12:40:30","slug":"cuentacuentos-cocinando-cuentos-de-primigenius","status":"publish","type":"post","link":"https:\/\/ampacamilojosecela.es\/index.php\/2025\/03\/17\/cuentacuentos-cocinando-cuentos-de-primigenius\/","title":{"rendered":"Cuentacuentos: Cocinando cuentos, de Primigenius"},"content":{"rendered":"\n<p>\u00a1Queridas familias!<\/p>\n\n\n\n<p>De la mano de la compa\u00f1\u00eda Primigenius, os invitamos al cuentacuentos <em>Cocinando cuentos (Exquisito men\u00fa de cuentos)<\/em> el pr\u00f3ximo <strong>viernes 28 de marzo, a las 17:45h,<\/strong> en la sala de psicomotricidad del cole. <\/p>\n\n\n\n<p>Para asistir, ten\u00e9is que inscribiros en el siguiente enlace <a href=\"https:\/\/forms.gle\/NPrkwsmisoSaUiAB6\">https:\/\/forms.gle\/NPrkwsmisoSaUiAB6<\/a> <\/p>\n\n\n\n<p><strong>El aforo es limitado y las plazas se asignar\u00e1n por estricto orden de inscripci\u00f3n, dando prioridad a las familias socias del AMPA.<\/strong><\/p>\n\n\n\n<p>Para disfrutar todos juntos y hacer m\u00e1s f\u00e1cil el trabajo de los profesionales, rogamos que las familias velen por que los ni\u00f1os mantengan orden durante la representaci\u00f3n, saliendo de la sala puntualmente si lo necesitan. Y\u00a0para que los peques aprovechen las plazas al m\u00e1ximo: solo un adulto por cada unidad familiar. <\/p>\n\n\n\n<p>\u00a1Nos lo pasaremos en grande, \u00a1os esperamos!<\/p>\n\n\n\n<figure class=\"wp-block-image size-large\"><img decoding=\"async\" src=\"https:\/\/ampacamilojosecela.es\/wp-content\/uploads\/2025\/03\/cartel-cocinando-nuevo-1-744x1024.jpeg\" alt=\"\" class=\"wp-image-1501\"\/><\/figure>\n\n\n\n<p><strong>Sobre <em>Cocinando cuentos<\/em> (Exquisito men\u00fa de cuentos)<\/strong><\/p>\n\n\n\n<p>Leyenda cocinero del pa\u00eds de los cuentos. Llega a las librer\u00edas, bibliotecas y dem\u00e1s cocinas con el deseo de guisar las m\u00e1s suculentas historias. Un gorro de cocinero, una cuchara que hace m\u00fasica, una cacerola de la que salen poemas, adivinanzas, trabalenguas y la maleta Enriqueta que guarda los secretos de los cuentos. Los mejores cuentos, como los buenos guisos siempre salen a fuego lento<\/p>\n\n\n\n<p><strong>Sobre Primigenius<\/strong><\/p>\n\n\n\n<p>PrimigeniuS es un proyecto de educaci\u00f3n a trav\u00e9s del teatro, los cuentos, la m\u00fasica y otras artes pl\u00e1sticas y esc\u00e9nicas. Llevamos desde 2003 trabajando con y para ni\u00f1as y ni\u00f1os desde 0 hasta 11 a\u00f1os, principalmente. Creamos montajes esc\u00e9nicos que representamos por escuelas, colegios, centros culturales, bibliotecas, ferias del libro, teatros, librer\u00edas, etc&#8230;<\/p>\n\n\n\n<p>Realizamos talleres para ni\u00f1as\/os y formaci\u00f3n para adultos, participamos continuamente en proyectos de aula, en festivales, en foroc y en cualquier propuesta en\u00e9rgica y bonita que tenga que ver con la Educaci\u00f3n y el trabajo desde la creatividad. Bebemos de la tradici\u00f3n Oral y el Folklore, de las pedagog\u00edas alternativas y la Educaci\u00f3n popular.<\/p>\n\n\n\n<p>Creemos en el infinito potencial creativo y humano de cada persona, en aprender jugando y en construir conocimientos en Comunidad.<\/p>\n\n\n\n<p>Pretendemos no dejar pasar por alto el enfoque pedag\u00f3gico y la potencialidad educativa del teatro y los diferentes lenguajes art\u00edsticos. De esta forma nuestro proyecto nos va convirtiendo en educactores.<\/p>\n\n\n\n<figure class=\"wp-block-image size-large\"><img loading=\"lazy\" decoding=\"async\" width=\"686\" height=\"1024\" src=\"https:\/\/ampacamilojosecela.es\/wp-content\/uploads\/2025\/03\/345654388_6239137169499729_8174496401964167678_n-686x1024.jpg\" alt=\"\" class=\"wp-image-1502\"\/><\/figure>\n\n\n\n<p><br><\/p>\n","protected":false},"excerpt":{"rendered":"<p>\u00a1Queridas familias! De la mano de la compa\u00f1\u00eda Primigenius, os invitamos al cuentacuentos Cocinando cuentos (Exquisito men\u00fa de cuentos) el pr\u00f3ximo viernes 28 de marzo, a las 17:45h, en la sala de psicomotricidad del cole. Para asistir, ten\u00e9is que inscribiros en el siguiente enlace https:\/\/forms.gle\/NPrkwsmisoSaUiAB6 El aforo es limitado y las plazas se asignar\u00e1n por [&hellip;]<\/p>\n","protected":false},"author":10,"featured_media":1501,"comment_status":"open","ping_status":"open","sticky":false,"template":"","format":"standard","meta":{"_et_pb_use_builder":"off","_et_pb_old_content":"","_et_gb_content_width":"","footnotes":""},"categories":[5],"tags":[23,32,25],"class_list":["post-1500","post","type-post","status-publish","format-standard","has-post-thumbnail","hentry","category-ultimas-noticias","tag-actividades","tag-familias","tag-fiesta"],"_links":{"self":[{"href":"https:\/\/ampacamilojosecela.es\/index.php\/wp-json\/wp\/v2\/posts\/1500","targetHints":{"allow":["GET"]}}],"collection":[{"href":"https:\/\/ampacamilojosecela.es\/index.php\/wp-json\/wp\/v2\/posts"}],"about":[{"href":"https:\/\/ampacamilojosecela.es\/index.php\/wp-json\/wp\/v2\/types\/post"}],"author":[{"embeddable":true,"href":"https:\/\/ampacamilojosecela.es\/index.php\/wp-json\/wp\/v2\/users\/10"}],"replies":[{"embeddable":true,"href":"https:\/\/ampacamilojosecela.es\/index.php\/wp-json\/wp\/v2\/comments?post=1500"}],"version-history":[{"count":1,"href":"https:\/\/ampacamilojosecela.es\/index.php\/wp-json\/wp\/v2\/posts\/1500\/revisions"}],"predecessor-version":[{"id":1503,"href":"https:\/\/ampacamilojosecela.es\/index.php\/wp-json\/wp\/v2\/posts\/1500\/revisions\/1503"}],"wp:featuredmedia":[{"embeddable":true,"href":"https:\/\/ampacamilojosecela.es\/index.php\/wp-json\/wp\/v2\/media\/1501"}],"wp:attachment":[{"href":"https:\/\/ampacamilojosecela.es\/index.php\/wp-json\/wp\/v2\/media?parent=1500"}],"wp:term":[{"taxonomy":"category","embeddable":true,"href":"https:\/\/ampacamilojosecela.es\/index.php\/wp-json\/wp\/v2\/categories?post=1500"},{"taxonomy":"post_tag","embeddable":true,"href":"https:\/\/ampacamilojosecela.es\/index.php\/wp-json\/wp\/v2\/tags?post=1500"}],"curies":[{"name":"wp","href":"https:\/\/api.w.org\/{rel}","templated":true}]}}