{"id":1480,"date":"2025-02-13T08:16:47","date_gmt":"2025-02-13T08:16:47","guid":{"rendered":"https:\/\/ampacamilojosecela.es\/?p=1480"},"modified":"2025-02-13T08:22:41","modified_gmt":"2025-02-13T08:22:41","slug":"escuela-de-familias-conociendo-las-altas-capacidades","status":"publish","type":"post","link":"https:\/\/ampacamilojosecela.es\/index.php\/2025\/02\/13\/escuela-de-familias-conociendo-las-altas-capacidades\/","title":{"rendered":"ESCUELA DE FAMILIAS: CONOCIENDO LAS ALTAS CAPACIDADES"},"content":{"rendered":"\n<p>\u00a1Hola a tod@s! <\/p>\n\n\n\n<p>Hoy os anunciamos un nuevo taller: <strong>\u00abConociendo las altas capacidades<\/strong>\u00ab. Tendr\u00e1 lugar el pr\u00f3ximo <strong>viernes 21 de febrero, a las 17:30h<\/strong>, en la sala de psicomotricidad del cole.<\/p>\n\n\n\n<p>Esta charla tiene como destinatarios a todas las familias que se quieran adentrar en el maravilloso mundo de las altas capacidades. Se hablar\u00e1 sobre las caracter\u00edsticas, necesidades, inquietudes as\u00ed como falsos mitos, identificaci\u00f3n y diagn\u00f3stico. Tambi\u00e9n se resolver\u00e1n dudas y se ofrecer\u00e1n pautas y recursos para utilizar tanto en casa como en el colegio.<\/p>\n\n\n\n<p>Estar\u00e1 impartida por Paloma Morcuende, psicopedagoga especialista en Altas Capacidades, Neuroeducaci\u00f3n y optimizaci\u00f3n de capacidades y en Dificultades del Aprendizaje. Orientadora educativa, maestra PT y AL y docente.<\/p>\n\n\n\n<p>Para asistir, es necesario inscribirse en el siguiente enlace: https:\/\/forms.gle\/fJHe3xVojYgx7mUT9<\/p>\n\n\n\n<p>\ud83e\udd17Os esperamos!<\/p>\n\n\n\n<figure class=\"wp-block-image size-large\"><img loading=\"lazy\" decoding=\"async\" width=\"724\" height=\"1024\" src=\"https:\/\/ampacamilojosecela.es\/wp-content\/uploads\/2025\/02\/Altas-Capacidades-RRSS-1-724x1024.jpg\" alt=\"\" class=\"wp-image-1484\"\/><\/figure>\n\n\n\n<p><\/p>\n\n\n\n<p><br><\/p>\n","protected":false},"excerpt":{"rendered":"<p>\u00a1Hola a tod@s! Hoy os anunciamos un nuevo taller: \u00abConociendo las altas capacidades\u00ab. Tendr\u00e1 lugar el pr\u00f3ximo viernes 21 de febrero, a las 17:30h, en la sala de psicomotricidad del cole. Esta charla tiene como destinatarios a todas las familias que se quieran adentrar en el maravilloso mundo de las altas capacidades. Se hablar\u00e1 sobre [&hellip;]<\/p>\n","protected":false},"author":10,"featured_media":1481,"comment_status":"open","ping_status":"open","sticky":false,"template":"","format":"standard","meta":{"_et_pb_use_builder":"off","_et_pb_old_content":"","_et_gb_content_width":"","footnotes":""},"categories":[5],"tags":[23,31,32],"class_list":["post-1480","post","type-post","status-publish","format-standard","has-post-thumbnail","hentry","category-ultimas-noticias","tag-actividades","tag-escuela","tag-familias"],"_links":{"self":[{"href":"https:\/\/ampacamilojosecela.es\/index.php\/wp-json\/wp\/v2\/posts\/1480","targetHints":{"allow":["GET"]}}],"collection":[{"href":"https:\/\/ampacamilojosecela.es\/index.php\/wp-json\/wp\/v2\/posts"}],"about":[{"href":"https:\/\/ampacamilojosecela.es\/index.php\/wp-json\/wp\/v2\/types\/post"}],"author":[{"embeddable":true,"href":"https:\/\/ampacamilojosecela.es\/index.php\/wp-json\/wp\/v2\/users\/10"}],"replies":[{"embeddable":true,"href":"https:\/\/ampacamilojosecela.es\/index.php\/wp-json\/wp\/v2\/comments?post=1480"}],"version-history":[{"count":2,"href":"https:\/\/ampacamilojosecela.es\/index.php\/wp-json\/wp\/v2\/posts\/1480\/revisions"}],"predecessor-version":[{"id":1485,"href":"https:\/\/ampacamilojosecela.es\/index.php\/wp-json\/wp\/v2\/posts\/1480\/revisions\/1485"}],"wp:featuredmedia":[{"embeddable":true,"href":"https:\/\/ampacamilojosecela.es\/index.php\/wp-json\/wp\/v2\/media\/1481"}],"wp:attachment":[{"href":"https:\/\/ampacamilojosecela.es\/index.php\/wp-json\/wp\/v2\/media?parent=1480"}],"wp:term":[{"taxonomy":"category","embeddable":true,"href":"https:\/\/ampacamilojosecela.es\/index.php\/wp-json\/wp\/v2\/categories?post=1480"},{"taxonomy":"post_tag","embeddable":true,"href":"https:\/\/ampacamilojosecela.es\/index.php\/wp-json\/wp\/v2\/tags?post=1480"}],"curies":[{"name":"wp","href":"https:\/\/api.w.org\/{rel}","templated":true}]}}