{"id":1457,"date":"2025-01-30T10:08:57","date_gmt":"2025-01-30T10:08:57","guid":{"rendered":"https:\/\/ampacamilojosecela.es\/?p=1457"},"modified":"2025-02-10T15:32:09","modified_gmt":"2025-02-10T15:32:09","slug":"inscripcion-dias-sin-cole-28-febrero-y-3-de-marzo","status":"publish","type":"post","link":"https:\/\/ampacamilojosecela.es\/index.php\/2025\/01\/30\/inscripcion-dias-sin-cole-28-febrero-y-3-de-marzo\/","title":{"rendered":"INSCRIPCI\u00d3N D\u00cdAS SIN COLE 28 FEBRERO Y 3 DE MARZO"},"content":{"rendered":"<p>[et_pb_section fb_built=\u00bb1&#8243; _builder_version=\u00bb4.16&#8243; global_colors_info=\u00bb{}\u00bb][et_pb_row _builder_version=\u00bb4.16&#8243; background_size=\u00bbinitial\u00bb background_position=\u00bbtop_left\u00bb background_repeat=\u00bbrepeat\u00bb global_colors_info=\u00bb{}\u00bb][et_pb_column type=\u00bb4_4&#8243; _builder_version=\u00bb4.16&#8243; custom_padding=\u00bb|||\u00bb global_colors_info=\u00bb{}\u00bb custom_padding__hover=\u00bb|||\u00bb][et_pb_text _builder_version=\u00bb4.27.2&#8243; background_size=\u00bbinitial\u00bb background_position=\u00bbtop_left\u00bb background_repeat=\u00bbrepeat\u00bb custom_margin=\u00bb||-173px|||\u00bb custom_padding=\u00bb||0px|||\u00bb hover_enabled=\u00bb0&#8243; global_colors_info=\u00bb{}\u00bb sticky_enabled=\u00bb0&#8243;]<\/p>\n<p><!-- divi:paragraph -->DESCRIPCI\u00d3N:<br \/>Los pr\u00f3ximos 28 de febrero (viernes) y 3 de mayo (lunes) de 2025, son d\u00edas NO LECTIVOS pero S\u00cd LABORABLES.<br \/>Para cubrir las posibles necesidades de las familias durante estos d\u00edas, la empresa FACEI S.L., ofrece la posibilidad de inscribir a los alumnos en estas JORNADAS DE ESCUELA ABIERTA en las que los ni\u00f1os podr\u00e1n disfrutar, junto a sus compa\u00f1eros de colegio, de un d\u00eda de aventura, emoci\u00f3n y mucha diversi\u00f3n.<br \/>\u00bfD\u00f3nde va a ser?<br \/>En las instalaciones del centro<br \/>\u00bfCu\u00e1ndo ser\u00e1?<br \/>Los d\u00edas 28 de febrero (viernes) 3 de marzo (lunes), la jornada completa.<br \/>\u00bfQu\u00e9 vamos a hacer? En el colegio<br \/>Prepararemos todo lo necesario para celebrar el carnaval.<br \/>Todos podremos realizar talleres, din\u00e1micas y juegos a trav\u00e9s de los cuales los ni\u00f1os puedan desarrollar su creatividad, descubriendo lo divertido que puede ser esta celebraci\u00f3n.<br \/>Y para los mayores que lo deseen (a partir de 5 a\u00f1os):<br \/>\u00a1\u00a1Gran olimpiada deportiva!!<br \/>Con divertidas pruebas atl\u00e9ticas y sus deportes favoritos\u2026<\/p>\n<p><!-- divi:paragraph --><a href=\"https:\/\/ampacamilojosecela.es\/wp-content\/uploads\/2025\/02\/ESC.-ABIERT-28-Febrero-3-marzo-25.Camilo-REV.pdf\">DESCARGA EL DOSSIER AQUI<\/a><\/p>\n<p>&nbsp;<\/p>\n<p>&nbsp;<\/p>\n<p>&nbsp;<\/p>\n<p>&nbsp;<\/p>\n<p>&nbsp;<\/p>\n<p><!-- \/divi:paragraph --><\/p>\n<p>[\/et_pb_text][et_pb_button button_url=\u00bbhttps:\/\/forms.gle\/FiYB9Arh9p1ofrp19&#8243; url_new_window=\u00bbon\u00bb button_text=\u00bbENLACE AL FORMULARIO DE INSCRIPCI\u00d3N\u00bb _builder_version=\u00bb4.27.2&#8243; _module_preset=\u00bbdefault\u00bb global_colors_info=\u00bb{}\u00bb][\/et_pb_button][\/et_pb_column][\/et_pb_row][\/et_pb_section]<\/p>\n","protected":false},"excerpt":{"rendered":"<p>DESCRIPCI\u00d3N:Los pr\u00f3ximos 28 de febrero (viernes) y 3 de mayo (lunes) de 2025, son d\u00edas NO LECTIVOS pero S\u00cd LABORABLES.Para cubrir las posibles necesidades de las familias durante estos d\u00edas, la empresa FACEI S.L., ofrece la posibilidad de inscribir a los alumnos en estas JORNADAS DE ESCUELA ABIERTA en las que los ni\u00f1os podr\u00e1n disfrutar, [&hellip;]<\/p>\n","protected":false},"author":1,"featured_media":1463,"comment_status":"open","ping_status":"open","sticky":false,"template":"","format":"standard","meta":{"_et_pb_use_builder":"on","_et_pb_old_content":"<!-- wp:paragraph -->\n<p>DESCRIPCI\u00d3N:<br>Los pr\u00f3ximos 28 de febrero (viernes) y 3 de mayo (lunes) de 2025, son d\u00edas NO LECTIVOS pero S\u00cd LABORABLES.<br>Para cubrir las posibles necesidades de las familias durante estos d\u00edas, la empresa FACEI S.L., ofrece la posibilidad de inscribir a los alumnos en estas JORNADAS DE ESCUELA ABIERTA en las que los ni\u00f1os podr\u00e1n disfrutar, junto a sus compa\u00f1eros de colegio, de un d\u00eda de aventura, emoci\u00f3n y mucha diversi\u00f3n.<br>\u00bfD\u00f3nde va a ser?<br>En las instalaciones del centro<br>\u00bfCu\u00e1ndo ser\u00e1?<br>Los d\u00edas 28 de febrero (viernes) 3 de marzo (lunes), la jornada completa.<br>\u00bfQu\u00e9 vamos a hacer? En el colegio<br>Prepararemos todo lo necesario para celebrar el carnaval.<br>Todos podremos realizar talleres, din\u00e1micas y juegos a trav\u00e9s de los cuales los ni\u00f1os puedan desarrollar su creatividad, descubriendo lo divertido que puede ser esta celebraci\u00f3n.<br>Y para los mayores que lo deseen (a partir de 5 a\u00f1os):<br>\u00a1\u00a1Gran olimpiada deportiva!!<br>Con divertidas pruebas atl\u00e9ticas y sus deportes favoritos\u2026<\/p>\n<!-- \/wp:paragraph -->\n\n<!-- wp:paragraph -->\n<p>INSCRIPCIONES AQUI<\/p>\n<!-- \/wp:paragraph -->","_et_gb_content_width":"","footnotes":""},"categories":[5],"tags":[23,22,24],"class_list":["post-1457","post","type-post","status-publish","format-standard","has-post-thumbnail","hentry","category-ultimas-noticias","tag-actividades","tag-cinecole","tag-pelicula"],"_links":{"self":[{"href":"https:\/\/ampacamilojosecela.es\/index.php\/wp-json\/wp\/v2\/posts\/1457","targetHints":{"allow":["GET"]}}],"collection":[{"href":"https:\/\/ampacamilojosecela.es\/index.php\/wp-json\/wp\/v2\/posts"}],"about":[{"href":"https:\/\/ampacamilojosecela.es\/index.php\/wp-json\/wp\/v2\/types\/post"}],"author":[{"embeddable":true,"href":"https:\/\/ampacamilojosecela.es\/index.php\/wp-json\/wp\/v2\/users\/1"}],"replies":[{"embeddable":true,"href":"https:\/\/ampacamilojosecela.es\/index.php\/wp-json\/wp\/v2\/comments?post=1457"}],"version-history":[{"count":5,"href":"https:\/\/ampacamilojosecela.es\/index.php\/wp-json\/wp\/v2\/posts\/1457\/revisions"}],"predecessor-version":[{"id":1477,"href":"https:\/\/ampacamilojosecela.es\/index.php\/wp-json\/wp\/v2\/posts\/1457\/revisions\/1477"}],"wp:featuredmedia":[{"embeddable":true,"href":"https:\/\/ampacamilojosecela.es\/index.php\/wp-json\/wp\/v2\/media\/1463"}],"wp:attachment":[{"href":"https:\/\/ampacamilojosecela.es\/index.php\/wp-json\/wp\/v2\/media?parent=1457"}],"wp:term":[{"taxonomy":"category","embeddable":true,"href":"https:\/\/ampacamilojosecela.es\/index.php\/wp-json\/wp\/v2\/categories?post=1457"},{"taxonomy":"post_tag","embeddable":true,"href":"https:\/\/ampacamilojosecela.es\/index.php\/wp-json\/wp\/v2\/tags?post=1457"}],"curies":[{"name":"wp","href":"https:\/\/api.w.org\/{rel}","templated":true}]}}