{"id":1453,"date":"2025-01-24T07:58:32","date_gmt":"2025-01-24T07:58:32","guid":{"rendered":"https:\/\/ampacamilojosecela.es\/?p=1453"},"modified":"2025-01-24T07:58:33","modified_gmt":"2025-01-24T07:58:33","slug":"el-ampa-pone-en-marcha-el-club-de-lectura-del-camilo-para-madres-y-padres","status":"publish","type":"post","link":"https:\/\/ampacamilojosecela.es\/index.php\/2025\/01\/24\/el-ampa-pone-en-marcha-el-club-de-lectura-del-camilo-para-madres-y-padres\/","title":{"rendered":"El AMPA pone en marcha el &#8216;Club de Lectura del Camilo&#8217; para madres y padres"},"content":{"rendered":"\n<p>Queridas familias,&nbsp;<\/p>\n\n\n\n<p>Por fin os podemos contar una iniciativa que llevamos tiempo preparando y que nos hace mucha ilusi\u00f3n. Os traemos una nueva actividad de ocio orientada a fortalecer los v\u00ednculos de nuestra comunidad educativa a trav\u00e9s de los libros, convocando a padres y madres a compartir una experiencia enriquecedora en nuestro&nbsp;<strong>CLUB DE LECTURA.<\/strong><\/p>\n\n\n\n<p>Gracias a la colaboraci\u00f3n de dos padres, periodistas y entusiastas de los libros, tendremos la ocasi\u00f3n de reunirnos algunos viernes para comentar, debatir y pasar un buen rato juntos entre libros.&nbsp;<\/p>\n\n\n\n<p>Comenzaremos con esta iniciativa el&nbsp;<strong>viernes 31 de enero, a las 17:30hrs, en la biblioteca del cole.&nbsp;<\/strong>En esta primera sesi\u00f3n, y para romper el hielo, se han seleccionado dos lecturas a propuesta de los creadores de esta iniciativa, Sergio S\u00e1nchez y Eduardo Rodr\u00edguez. Los libros ser\u00e1n&nbsp;<em>Ulises,&nbsp;<\/em>de James Joyce y&nbsp;<em>Tebeos<\/em>.&nbsp;<\/p>\n\n\n\n<p>Pero, la idea es que todos participemos y compartamos, por lo que pod\u00e9is proponer lecturas para pr\u00f3ximos encuentros.&nbsp;<\/p>\n\n\n\n<p><strong>\u00bfC\u00f3mo se va a desarrollar el Club de Lectura del Camilo?<\/strong><\/p>\n\n\n\n<p>El club se reunir\u00e1 durante una hora y media aproximadamente. Se avisar\u00e1 de cada sesi\u00f3n con el tiempo suficiente para que hag\u00e1is propuestas.<\/p>\n\n\n\n<p>La&nbsp;<strong>inscripci\u00f3n&nbsp;<\/strong>en cada reuni\u00f3n es&nbsp;<strong>obligatoria<\/strong>, a trav\u00e9s de este enlace:&nbsp;<a href=\"https:\/\/urldefense.com\/v3\/__https:\/\/forms.gle\/mpncuCcp5ePoTNpc9__;!!D9dNQwwGXtA!QPCp_xr2XvmgPL8aSfoNAkqR6OZIj2VGH-MO3Vg_bryMtUpholFmSaPSbPrVT1FKAoWEUMVAQBy26__M85eeqVX4M5nu-0rh$\" rel=\"noreferrer noopener\" target=\"_blank\">https:\/\/forms.gle\/mpncuCcp5ePoTNpc9<\/a><\/p>\n\n\n\n<ul class=\"wp-block-list\">\n<li>Selecci\u00f3n: la selecci\u00f3n de la lectura ser\u00e1 individual o colectiva, pudiendo todo el mundo participar en las propuestas de lectura a trav\u00e9s del correo del AMPA. Los libros podr\u00e1n ser de ficci\u00f3n o no ficci\u00f3n, para adultos o infantiles, cl\u00e1sicos o modernos, y de cualquier tem\u00e1tica.<\/li>\n\n\n\n<li>Presentaci\u00f3n y debate: habr\u00e1 dos modalidades. Por un lado, se invita a tod@s los asistentes a comentar brevemente una lectura de su preferencia (novela, ensayo, comic, reportaje, etc.) que haya sido significativa para \u00e9l\/ella: qu\u00e9 le ha gustado, qu\u00e9 no, por qu\u00e9 lo recomendar\u00eda&#8230; No se trata de realizar una presentaci\u00f3n formal, m\u00e1s bien, compartir una experiencia personal con la lectura. Por otro lado, se realizar\u00e1 una presentaci\u00f3n m\u00e1s formal, en la que un padre o una madre presentar\u00e1 la lectura de su elecci\u00f3n al grupo, resumiendo los puntos m\u00e1s importantes y tratando de postular aspectos que motiven la participaci\u00f3n en un debate posterior.<\/li>\n\n\n\n<li>Duraci\u00f3n: La presentaci\u00f3n del libro no deber\u00eda superar los 10-15 minutos.\u00a0<\/li>\n\n\n\n<li>Asistentes: cada asistente leer\u00e1 la propuesta de forma voluntaria e individual. No es obligatorio realizar la lectura para asistir a la sesi\u00f3n.<\/li>\n<\/ul>\n\n\n\n<p>\u00a1\u00a1 Os animamos a todos y todas a participar!!&nbsp;<\/p>\n\n\n\n<figure class=\"wp-block-image size-large\"><img loading=\"lazy\" decoding=\"async\" width=\"791\" height=\"1024\" src=\"https:\/\/ampacamilojosecela.es\/wp-content\/uploads\/2025\/01\/Cartel-Club-de-lectura-1-791x1024.jpg\" alt=\"\" class=\"wp-image-1455\"\/><\/figure>\n","protected":false},"excerpt":{"rendered":"<p>Queridas familias,&nbsp; Por fin os podemos contar una iniciativa que llevamos tiempo preparando y que nos hace mucha ilusi\u00f3n. Os traemos una nueva actividad de ocio orientada a fortalecer los v\u00ednculos de nuestra comunidad educativa a trav\u00e9s de los libros, convocando a padres y madres a compartir una experiencia enriquecedora en nuestro&nbsp;CLUB DE LECTURA. Gracias [&hellip;]<\/p>\n","protected":false},"author":10,"featured_media":1454,"comment_status":"open","ping_status":"open","sticky":false,"template":"","format":"standard","meta":{"_et_pb_use_builder":"off","_et_pb_old_content":"","_et_gb_content_width":"","footnotes":""},"categories":[5],"tags":[23,22,24],"class_list":["post-1453","post","type-post","status-publish","format-standard","has-post-thumbnail","hentry","category-ultimas-noticias","tag-actividades","tag-cinecole","tag-pelicula"],"_links":{"self":[{"href":"https:\/\/ampacamilojosecela.es\/index.php\/wp-json\/wp\/v2\/posts\/1453","targetHints":{"allow":["GET"]}}],"collection":[{"href":"https:\/\/ampacamilojosecela.es\/index.php\/wp-json\/wp\/v2\/posts"}],"about":[{"href":"https:\/\/ampacamilojosecela.es\/index.php\/wp-json\/wp\/v2\/types\/post"}],"author":[{"embeddable":true,"href":"https:\/\/ampacamilojosecela.es\/index.php\/wp-json\/wp\/v2\/users\/10"}],"replies":[{"embeddable":true,"href":"https:\/\/ampacamilojosecela.es\/index.php\/wp-json\/wp\/v2\/comments?post=1453"}],"version-history":[{"count":1,"href":"https:\/\/ampacamilojosecela.es\/index.php\/wp-json\/wp\/v2\/posts\/1453\/revisions"}],"predecessor-version":[{"id":1456,"href":"https:\/\/ampacamilojosecela.es\/index.php\/wp-json\/wp\/v2\/posts\/1453\/revisions\/1456"}],"wp:featuredmedia":[{"embeddable":true,"href":"https:\/\/ampacamilojosecela.es\/index.php\/wp-json\/wp\/v2\/media\/1454"}],"wp:attachment":[{"href":"https:\/\/ampacamilojosecela.es\/index.php\/wp-json\/wp\/v2\/media?parent=1453"}],"wp:term":[{"taxonomy":"category","embeddable":true,"href":"https:\/\/ampacamilojosecela.es\/index.php\/wp-json\/wp\/v2\/categories?post=1453"},{"taxonomy":"post_tag","embeddable":true,"href":"https:\/\/ampacamilojosecela.es\/index.php\/wp-json\/wp\/v2\/tags?post=1453"}],"curies":[{"name":"wp","href":"https:\/\/api.w.org\/{rel}","templated":true}]}}