{"id":1443,"date":"2024-12-09T12:14:29","date_gmt":"2024-12-09T12:14:29","guid":{"rendered":"https:\/\/ampacamilojosecela.es\/?p=1443"},"modified":"2024-12-11T09:48:32","modified_gmt":"2024-12-11T09:48:32","slug":"vuelve-la-magia-de-la-navidad-19-de-diciembre-fiesta-navidena-en-el-cole","status":"publish","type":"post","link":"https:\/\/ampacamilojosecela.es\/index.php\/2024\/12\/09\/vuelve-la-magia-de-la-navidad-19-de-diciembre-fiesta-navidena-en-el-cole\/","title":{"rendered":"Vuelve la magia de la Navidad: 19 de diciembre \u00a1 Fiesta navide\u00f1a en el cole!"},"content":{"rendered":"\n<figure class=\"wp-block-image size-large\"><img decoding=\"async\" src=\"https:\/\/ampacamilojosecela.es\/wp-content\/uploads\/2024\/12\/Fiesta-de-Navidad-724x1024.jpg\" alt=\"\" class=\"wp-image-1444\"\/><\/figure>\n\n\n\n<p>\ud83c\udf84\u00a1Queridas familias!\ud83c\udf84 <\/p>\n\n\n\n<p>Se acercan unas fechas muy especiales y un a\u00f1o mas\u2026<strong>\u00a1La magia de la Navidad llega a nuestro cole!<\/strong><\/p>\n\n\n\n<p>El pr\u00f3ximo <strong>jueves, 19 de diciembre<\/strong>, tendr\u00e1 lugar la ya tradicional <strong>Copa de Navidad<\/strong> donde padres, profesores y personal no docente compartiremos unos momentos de encuentro y celebraci\u00f3n entre dulces y villancicos.<\/p>\n\n\n\n<p>Y este a\u00f1o, traemos una gran novedad: Tras la Copa, <strong>la fiesta continuar\u00e1 para grandes y peque\u00f1os<\/strong>, con mercadillo navide\u00f1o lleno de sorpresas, talleres s\u00faper divertidos y un exclusivo concierto. Todo esto a cargo de los alumnos de 6\u00ba, cuyos beneficios destinar\u00e1n a su viaje de fin de curso.<\/p>\n\n\n\n<p>\u270d\ud83c\udffcTomad nota de los horarios:<\/p>\n\n\n\n<p>\ud83e\udd42COPA DE NAVIDAD: Para padres, profesores y personal no docente, de 16 a 17:15 en el comedor del cole<br>\ud83c\udfbc CONCIERTO: A cargo de los alumnos de 6\u00ba, a las 17:30 h en el gimnasio. Entrada individual 2\u20ac. Entrada familiar 4\u20ac<br>\ud83c\udf85\ud83c\udffcMERCADILLO Y TALLERES: A cargo de los alumnos de 6\u00ba, durante todo el evento en los porches delantero y trasero.<\/p>\n\n\n\n<p>\ud83d\ude0bA partir de las 17:15 horas habr\u00e1 <strong>merienda para todos.<\/strong> No olvid\u00e9is traer vuestros vasos desechables (o adquirir uno en el mercadillo).<\/p>\n\n\n\n<p>\u00a1Os esperamos para celebrar juntos la llegada de la Navidad!<\/p>\n","protected":false},"excerpt":{"rendered":"<p>\ud83c\udf84\u00a1Queridas familias!\ud83c\udf84 Se acercan unas fechas muy especiales y un a\u00f1o mas\u2026\u00a1La magia de la Navidad llega a nuestro cole! El pr\u00f3ximo jueves, 19 de diciembre, tendr\u00e1 lugar la ya tradicional Copa de Navidad donde padres, profesores y personal no docente compartiremos unos momentos de encuentro y celebraci\u00f3n entre dulces y villancicos. Y este a\u00f1o, [&hellip;]<\/p>\n","protected":false},"author":10,"featured_media":1444,"comment_status":"open","ping_status":"open","sticky":false,"template":"","format":"standard","meta":{"_et_pb_use_builder":"off","_et_pb_old_content":"","_et_gb_content_width":"","footnotes":""},"categories":[5],"tags":[23,25,30],"class_list":["post-1443","post","type-post","status-publish","format-standard","has-post-thumbnail","hentry","category-ultimas-noticias","tag-actividades","tag-fiesta","tag-navidad"],"_links":{"self":[{"href":"https:\/\/ampacamilojosecela.es\/index.php\/wp-json\/wp\/v2\/posts\/1443","targetHints":{"allow":["GET"]}}],"collection":[{"href":"https:\/\/ampacamilojosecela.es\/index.php\/wp-json\/wp\/v2\/posts"}],"about":[{"href":"https:\/\/ampacamilojosecela.es\/index.php\/wp-json\/wp\/v2\/types\/post"}],"author":[{"embeddable":true,"href":"https:\/\/ampacamilojosecela.es\/index.php\/wp-json\/wp\/v2\/users\/10"}],"replies":[{"embeddable":true,"href":"https:\/\/ampacamilojosecela.es\/index.php\/wp-json\/wp\/v2\/comments?post=1443"}],"version-history":[{"count":3,"href":"https:\/\/ampacamilojosecela.es\/index.php\/wp-json\/wp\/v2\/posts\/1443\/revisions"}],"predecessor-version":[{"id":1448,"href":"https:\/\/ampacamilojosecela.es\/index.php\/wp-json\/wp\/v2\/posts\/1443\/revisions\/1448"}],"wp:featuredmedia":[{"embeddable":true,"href":"https:\/\/ampacamilojosecela.es\/index.php\/wp-json\/wp\/v2\/media\/1444"}],"wp:attachment":[{"href":"https:\/\/ampacamilojosecela.es\/index.php\/wp-json\/wp\/v2\/media?parent=1443"}],"wp:term":[{"taxonomy":"category","embeddable":true,"href":"https:\/\/ampacamilojosecela.es\/index.php\/wp-json\/wp\/v2\/categories?post=1443"},{"taxonomy":"post_tag","embeddable":true,"href":"https:\/\/ampacamilojosecela.es\/index.php\/wp-json\/wp\/v2\/tags?post=1443"}],"curies":[{"name":"wp","href":"https:\/\/api.w.org\/{rel}","templated":true}]}}