{"id":1403,"date":"2024-11-19T10:27:12","date_gmt":"2024-11-19T10:27:12","guid":{"rendered":"https:\/\/ampacamilojosecela.es\/?p=1403"},"modified":"2024-11-22T15:30:00","modified_gmt":"2024-11-22T15:30:00","slug":"candidaturas-de-representantes-de-familias-para-el-consejo-escolar","status":"publish","type":"post","link":"https:\/\/ampacamilojosecela.es\/index.php\/2024\/11\/19\/candidaturas-de-representantes-de-familias-para-el-consejo-escolar\/","title":{"rendered":"Candidaturas de representantes de familias para el Consejo Escolar"},"content":{"rendered":"\n<p>Como en anteriores elecciones al Consejo Escolar, el AMPA pone su web a disposici\u00f3n de los candidatos y candidatas que se han presentado como representantes de familias. En esta ocasi\u00f3n se renueva el 50% del Consejo, y de los 4 puestos de representantes de familias, deben renovarse dos.  La votaci\u00f3n tendr\u00e1 lugar el 26 de noviembre. Si se hace presencialmente el horario ser\u00e1 de 08:30 a 09:30 horas y de 15:45 a 17:15 horas, pero tambi\u00e9n se puede votar por correo. <a href=\"https:\/\/site.educa.madrid.org\/cp.cela.madrid\/index.php\/2024\/11\/04\/elecciones-al-consejo-escolar-24-diciembre\/\" target=\"_blank\" rel=\"noreferrer noopener\">Aqu\u00ed toda la informaci\u00f3n.<\/a> Os animamos fuertemente a participar en esta votaci\u00f3n.<\/p>\n\n\n\n<p>Les propusimos a las candidatas\/os estas preguntas para presentar su candidatura y aqu\u00ed va el resultado:<\/p>\n\n\n\n<ol class=\"wp-block-list\">\n<li>\u00bfPodr\u00edas hacernos una breve presentaci\u00f3n tuya? <\/li>\n\n\n\n<li>\u00bfPor qu\u00e9 has decidido presentarte? <\/li>\n\n\n\n<li>\u00bfQu\u00e9 crees que puedes aportar al Colegio desde el Consejo Escolar? <\/li>\n\n\n\n<li>\u00bfPodr\u00edas mencionar alguna de tus propuestas para el Consejo Escolar? (p.e. con respecto al Plan de Convivencia, Proyecto Educativo, Jornada Escolar, Funcionamiento General del Centro\u2026).\u00bfCu\u00e1les son, en tu opini\u00f3n, las principales responsabilidades y prioridades del Consejo Escolar? <\/li>\n\n\n\n<li>Otros asuntos de inter\u00e9s<\/li>\n<\/ol>\n\n\n\n<p><\/p>\n\n\n\n<p><\/p>\n\n\n\n<div class=\"wp-block-media-text is-stacked-on-mobile is-vertically-aligned-top\" style=\"grid-template-columns:25% auto\"><figure class=\"wp-block-media-text__media\"><img loading=\"lazy\" decoding=\"async\" width=\"307\" height=\"378\" src=\"https:\/\/ampacamilojosecela.es\/wp-content\/uploads\/2024\/11\/materesadiez.jpg\" alt=\"\" class=\"wp-image-1404 size-full\" srcset=\"https:\/\/ampacamilojosecela.es\/wp-content\/uploads\/2024\/11\/materesadiez.jpg 307w, https:\/\/ampacamilojosecela.es\/wp-content\/uploads\/2024\/11\/materesadiez-244x300.jpg 244w\" sizes=\"auto, (max-width: 307px) 100vw, 307px\" \/><\/figure><div class=\"wp-block-media-text__content\">\n<h2 class=\"wp-block-heading\">M\u00aa Teresa D\u00edez Mart\u00edn<\/h2>\n\n\n\n<p>Queridos padres,<\/p>\n\n\n\n<p>Soy Mar\u00eda Teresa D\u00edez Mart\u00edn, mam\u00e1 de una preciosa y entusiasta ni\u00f1a que cursa 3\u00ba de infantil en el Colegio Camilo Jos\u00e9 Cela y, adem\u00e1s de ello, letrada especializada en Propiedad Intelectual e Industrial, t\u00e9cnico superior en sonido, productora musical y escritora, aunque mi gran pasi\u00f3n son las Bellas Artes (pintura y escultura). Tal vez, por todo ello, he cre\u00eddo siempre que la mejor herramienta para abordar y solventar conflictos y problemas es la creatividad.<\/p>\n\n\n\n<p>He presentado mi candidatura para el Consejo Escolar, porque considero que mi labor profesional y mis conocimientos adquiridos hasta el momento pueden contribuir positivamente a la toma de decisiones que se vayan a adoptar en el Colegio, atendiendo siempre a vuestras sugerencias e inquietudes, con el fin de proponer medidas e iniciativas que mejoren el Plan de convivencia e inclusi\u00f3n social en el centro, as\u00ed como promover la conservaci\u00f3n y renovaci\u00f3n de las instalaciones y equipo escolar, que, sin duda, redundar\u00e1n en la educaci\u00f3n y el bienestar de nuestros hijos como comunidad educativa de la que forman parte. <\/p>\n\n\n\n<p>Algunas de las propuestas de mejora ir\u00edan enfocadas al reemplazo del suelo del patio; instalaci\u00f3n de elementos de climatizaci\u00f3n en los edificios para los meses de calor; monitorizaci\u00f3n de las aulas a trav\u00e9s de la instalaci\u00f3n de calidad de aire y ac\u00fastica que sirvan como herramienta pedag\u00f3gica y mejora de la salud en espacios cerrados; canalizaci\u00f3n de iniciativas para mejorar la convivencia, respeto mutuo y resoluci\u00f3n pac\u00edfica de conflictos; instauraci\u00f3n del sistema Kiva ideado por una Universidad Finlandesa que se basa en un m\u00e9todo de prevenci\u00f3n frente al bullying, entre otros.<\/p>\n\n\n\n<p>Considero que formar parte del Consejo Escolar es una gran responsabilidad puesto que las catorce funciones que competen a este \u00d3rgano son de crucial relevancia para todos los que formamos parte de la comunidad educativa. Si bien, para mi las prioritarias son las que he mencionado en el p\u00e1rrafo anterior, pero tambi\u00e9n la de evaluar el Plan del centro y la de realizar un seguimiento de los compromisos de convivencia suscritos por el centro escolar para as\u00ed garantizar su efectividad y en caso de incumplimiento proponer medidas al efecto.<\/p>\n\n\n\n<p>Os animo a que vot\u00e9is y escoj\u00e1is a los candidatos que mejor consider\u00e9is. Si apoy\u00e1is mi candidatura tened por seguro que vuestras sugerencias ser\u00e1n atendidas y me volcar\u00e9 en hacer esta labor con la mayor excelencia de la que sea capaz. Estas son mis v\u00edas de contacto para cualquier duda o informaci\u00f3n adicional que pod\u00e1is requerir:  Tfno.-618494838 tessydiez@gmail.com<\/p>\n\n\n\n<p><\/p>\n\n\n\n<p><\/p>\n<\/div><\/div>\n\n\n\n<div class=\"wp-block-media-text is-stacked-on-mobile is-vertically-aligned-top\" style=\"grid-template-columns:23% auto\"><figure class=\"wp-block-media-text__media\"><img loading=\"lazy\" decoding=\"async\" width=\"767\" height=\"1024\" src=\"https:\/\/ampacamilojosecela.es\/wp-content\/uploads\/2024\/11\/foto-Andrea-Escudero-767x1024.jpeg\" alt=\"\" class=\"wp-image-1408 size-full\"\/><\/figure><div class=\"wp-block-media-text__content\">\n<h2 class=\"wp-block-heading\">Andrea Escudero V\u00e1zquez<\/h2>\n\n\n\n<p>Estimadas familias,<br>Mi nombre es Andrea Escudero V\u00e1zquez, madre de una alumna de 3\u00ba de Infantil y de otra que, previsiblemente, comenzar\u00e1 el pr\u00f3ximo curso escolar en el colegio Camilo Jos\u00e9 Cela.<br>Profesionalmente, soy profesora de Lengua Castellana y Literatura en las etapas de Secundaria y Bachillerato desde el a\u00f1o 2017, y he tenido el honor de formar parte del Consejo Escolar de mi centro educativo en calidad de representante del profesorado durante varios cursos acad\u00e9micos.Es precisamente esta experiencia la que me impulsa a presentar mi candidatura al Consejo Escolar de nuestro colegio, convencida de la importancia fundamental que tiene este \u00f3rgano como espacio de representaci\u00f3n, di\u00e1logo y toma de decisiones.<br>Creo firmemente que una comunidad educativa bien cohesionada y participativa no solo fortalece al propio centro escolar, sino que tambi\u00e9n contribuye al desarrollo y la mejora del sistema de la educaci\u00f3n p\u00fablica en su conjunto. Estoy convencida de que mi experiencia profesional y mis conocimientos en el \u00e1mbito educativo pueden ser valiosos para aportar al trabajo colectivo del Consejo Escolar. <\/p>\n\n\n\n<p>Mi objetivo es contribuir activamente al bienestar y la educaci\u00f3n integral de nuestros hijos e hijas, as\u00ed como fortalecer los lazos entre las familias y el centro, mejorando, por ejemplo, algunas cuestiones del funcionamiento general, con especial atenci\u00f3n a la comunicaci\u00f3n entre todos los miembros de la comunidad educativa, garantizando la participaci\u00f3n democr\u00e1tica de todos los sectores y supervisar la correcta aplicaci\u00f3n del Proyecto Educativo del centro.<br>Agradezco de antemano la confianza depositada en mi candidatura.<\/p>\n\n\n\n<p><\/p>\n\n\n\n<p><\/p>\n\n\n\n<p><\/p>\n<\/div><\/div>\n\n\n\n<div class=\"wp-block-media-text is-stacked-on-mobile is-vertically-aligned-top\" style=\"grid-template-columns:23% auto\"><figure class=\"wp-block-media-text__media\"><img loading=\"lazy\" decoding=\"async\" width=\"485\" height=\"522\" src=\"https:\/\/ampacamilojosecela.es\/wp-content\/uploads\/2024\/11\/Imagen1.jpg\" alt=\"\" class=\"wp-image-1412 size-full\" srcset=\"https:\/\/ampacamilojosecela.es\/wp-content\/uploads\/2024\/11\/Imagen1.jpg 485w, https:\/\/ampacamilojosecela.es\/wp-content\/uploads\/2024\/11\/Imagen1-480x517.jpg 480w\" sizes=\"auto, (min-width: 0px) and (max-width: 480px) 480px, (min-width: 481px) 485px, 100vw\" \/><\/figure><div class=\"wp-block-media-text__content\">\n<h2 class=\"wp-block-heading\">Antonio Fern\u00e1ndez Formoso<\/h2>\n\n\n\n<p>Dispongo de formaci\u00f3n en Administraci\u00f3n y Gesti\u00f3n de Instituciones Sanitarias y Direcci\u00f3n de Recursos Humanos. Obtuve un Doctorado en Biolog\u00eda y realic\u00e9 el Curso de Adaptaci\u00f3n Pedag\u00f3gica (CAP) para reflejar una estrecha conexi\u00f3n y pasi\u00f3n por el \u00e1mbito de la ense\u00f1anza y de la ciencia. Como gestor, me gusta trabajar en equipo, colaborar, escuchar distintos puntos de vista y lograr acuerdos. Como padre, me esfuerzo al m\u00e1ximo para conciliar la vida familiar y laboral, y pocas cosas me parecen m\u00e1s relevantes que la educaci\u00f3n de mi hijo.<\/p>\n\n\n\n<p>Sin duda, elegimos este colegio con la firme convicci\u00f3n de que se trata de un buen colegio para la educaci\u00f3n de mi hijo. No obstante, entiendo que nunca se debe renunciar a la b\u00fasqueda incesante de la excelencia. En estos 4 a\u00f1os que mi familia lleva vinculada al Centro, la \u00fanica vez que madres y padres hemos participado, debatido y ejercido nuestro voto, ha sido para decidir sobre la jornada escolar. Probablemente, poner mi formaci\u00f3n a disposici\u00f3n para tratar de mejorar ciertos aspectos, como la participaci\u00f3n de este importante colectivo, me haya servido de est\u00edmulo.<br>Desde mi experiencia como gestor, considero que puedo aportar ideas y estrategias para mejorar la organizaci\u00f3n, la gesti\u00f3n de recursos y contribuir a generar un ambiente m\u00e1s colaborativo entre el personal docente, las familias y los alumnos; tratando siempre de representar fielmente a padres y madres y abogando por un entorno educativo que responda a las necesidades de todos los alumnos, tanto en t\u00e9rminos acad\u00e9micos como emocionales y sociales.<br>Para mayor concreci\u00f3n sirvan de ejemplo las siguientes propuestas:<br>a) Desde el punto de vista de la Convivencia, propondr\u00eda fortalecer la educaci\u00f3n emocional mediante programas de gesti\u00f3n del estr\u00e9s y resoluci\u00f3n de conflictos para mejorar la convivencia y evitar el Bullying.<br>b) Entre las iniciativas a favor del Proyecto Educativo de Centro, promover infraestructuras tecnol\u00f3gicas para asegurar un entorno de aprendizaje adaptado a los retos digitales actuales y seguros.<br>c) Respecto del Funcionamiento General del Centro, tratar\u00eda de mejorar la comunicaci\u00f3n entre familias, alumnos y profesores mediante plataformas digitales y reuniones peri\u00f3dicas.<br>En mi opini\u00f3n, entre las responsabilidades del Consejo Escolar est\u00e1 la supervisi\u00f3n del proyecto educativo, la gesti\u00f3n de recursos, la promoci\u00f3n del bienestar y la participaci\u00f3n de toda la comunidad educativa. Por ello, se debe priorizar una educaci\u00f3n de calidad, inclusiva y equitativa, que promueva la participaci\u00f3n, el respeto y la colaboraci\u00f3n entre todos los miembros y contribuya a crear un entorno educativo saludable, din\u00e1mico y capaz de responder a los desaf\u00edos actuales de la educaci\u00f3n.<br>Desear\u00eda aprovechar esta oportunidad para expresar mi disposici\u00f3n a trabajar de manera conjunta con todas y todos los miembros de la comunidad educativa, con el objetivo de seguir mejorando nuestro centro. Mi compromiso pasa por asegurar que cada voz sea escuchada, promoviendo una cultura de participaci\u00f3n activa. Estoy convencido de que, con esfuerzo y colaboraci\u00f3n, podemos tratar de encaminar nuestro bienquerido \u201cCamilo\u201d hacia la excelencia<\/p>\n\n\n\n<p><\/p>\n\n\n\n<p><\/p>\n\n\n\n<p><\/p>\n<\/div><\/div>\n\n\n\n<div class=\"wp-block-media-text is-stacked-on-mobile is-vertically-aligned-top\" style=\"grid-template-columns:23% auto\"><figure class=\"wp-block-media-text__media\"><img loading=\"lazy\" decoding=\"async\" width=\"395\" height=\"526\" src=\"https:\/\/ampacamilojosecela.es\/wp-content\/uploads\/2024\/11\/candidatura_eduardogil.jpg\" alt=\"\" class=\"wp-image-1414 size-full\" srcset=\"https:\/\/ampacamilojosecela.es\/wp-content\/uploads\/2024\/11\/candidatura_eduardogil.jpg 395w, https:\/\/ampacamilojosecela.es\/wp-content\/uploads\/2024\/11\/candidatura_eduardogil-225x300.jpg 225w\" sizes=\"auto, (max-width: 395px) 100vw, 395px\" \/><\/figure><div class=\"wp-block-media-text__content\">\n<h2 class=\"wp-block-heading\">Eduardo Gil P\u00e9rez<\/h2>\n\n\n\n<p>Mi nombre es Eduardo Gil, tengo 45 a\u00f1os y soy padre de una ni\u00f1a que actualmente cursa sus estudios en este colegio p\u00fablico. Mi trayectoria profesional ha estado siempre vinculada al \u00e1mbito de la cultura, un sector en el que he tenido la oportunidad de desarrollar proyectos enfocados en la creatividad, la innovaci\u00f3n y el trabajo en equipo. Actualmente desempe\u00f1o el rol de Product Designer en una empresa distribuidora de productos que opera a nivel europeo.<\/p>\n\n\n\n<p>He decidido presentarme al consejo escolar porque creo que puedo aportar una perspectiva diferente, menos condicionada por los aspectos burocr\u00e1ticos que a menudo limitan la toma de decisiones en los centros educativos. Considero que la participaci\u00f3n de familias con perfiles diversos enriquece el di\u00e1logo y favorece la b\u00fasqueda de soluciones creativas y pr\u00e1cticas.<br>Desde mi experiencia profesional en el \u00e1mbito de la cultura y el dise\u00f1o, puedo aportar una visi\u00f3n creativa y pr\u00e1ctica a la toma de decisiones del consejo escolar. Estoy acostumbrado a trabajar en la resoluci\u00f3n de problemas y en el desarrollo de ideas que equilibren innovaci\u00f3n y funcionalidad, algo que considero clave en un entorno educativo que debe estar en constante evoluci\u00f3n.<br>Me gustar\u00eda proponer iniciativas que fomenten una mayor participaci\u00f3n de las familias en la vida educativa del centro. En concreto, creo que la mejora de la convivencia en el comedor es un tema que preocupa a muchas familias y que podr\u00eda trabajarse en ello.<\/p>\n\n\n\n<p><br>Creo que las principales responsabilidades del Consejo Escolar deben centrarse en seguir mejorando la convivencia en el centro, tal como establece la LOPIVI. Esto incluye apoyar y reforzar los mecanismos ya existentes, como los agentes tutores, los mediadores en las aulas y los patios inclusivos, as\u00ed como explorar e implementar nuevas iniciativas que contribuyan a un entorno escolar m\u00e1s seguro, inclusivo y respetuoso para todos.<\/p>\n\n\n\n<p><br>Otros asuntos de inter\u00e9s que me gustar\u00eda promover incluyen canalizar propuestas para mejorar la participaci\u00f3n de las familias en la vida educativa del centro y aprovechar el huerto escolar como una herramienta pedag\u00f3gica activa en todos los niveles, fomentando aprendizajes pr\u00e1cticos y valores como la sostenibilidad y el trabajo en equipo.<\/p>\n\n\n\n<p><\/p>\n\n\n\n<p><\/p>\n<\/div><\/div>\n\n\n\n<div class=\"wp-block-media-text is-stacked-on-mobile is-vertically-aligned-top\" style=\"grid-template-columns:25% auto\"><figure class=\"wp-block-media-text__media\"><img loading=\"lazy\" decoding=\"async\" width=\"610\" height=\"621\" src=\"https:\/\/ampacamilojosecela.es\/wp-content\/uploads\/2024\/11\/tomas.jpeg\" alt=\"\" class=\"wp-image-1427 size-full\" srcset=\"https:\/\/ampacamilojosecela.es\/wp-content\/uploads\/2024\/11\/tomas.jpeg 610w, https:\/\/ampacamilojosecela.es\/wp-content\/uploads\/2024\/11\/tomas-480x489.jpeg 480w\" sizes=\"auto, (min-width: 0px) and (max-width: 480px) 480px, (min-width: 481px) 610px, 100vw\" \/><\/figure><div class=\"wp-block-media-text__content\">\n<h2 class=\"wp-block-heading\">\u00c1ngel Tom\u00e1s Guti\u00e9rrez P\u00e9rez<\/h2>\n\n\n\n<ol class=\"wp-block-list\">\n<li>Si algo me define es la palabra \u201cprofesor\u201d. Mi padre era profesor de Universidad y mi madre de Instituto y de ah\u00ed me viene mi amor por la educaci\u00f3n a la que llevo dedicados ya 30 a\u00f1os. Y hoy d\u00eda sigo entrando a clase con la misma ilusi\u00f3n del primer d\u00eda. Adem\u00e1s de a la docencia, dedico parte de mi trabajo a hacer consultor\u00eda para empresas en el \u00e1rea financiera, pero lo divertido para en el aula.<\/li>\n\n\n\n<li>Como padre de una ni\u00f1a de segundo de primaria, me gustar\u00eda involucrarme m\u00e1s en el d\u00eda a d\u00eda del colegio. Creo que tenemos la suerte de poder llevar a nuestros ni\u00f1os al Cela y por eso me gustar\u00eda poder ayudar a que esto siga siendo as\u00ed en el futuro.<\/li>\n\n\n\n<li>Creo que dos cosas. La primera la experiencia que me dan mis 30 a\u00f1os de docencia, que aunque haya sido a nivel de universidad y postgrado, me permiten entender la postura de los profesores aunque sin perder de vista que ante todo soy padre. Y luego mis 20 a\u00f1os de ayudar en la gesti\u00f3n de empresas.<\/li>\n\n\n\n<li>Debo reconocer que aqu\u00ed soy un reci\u00e9n llegado, aunque ya he contactado<br>personalmente con algunos de los actuales representantes de los padres en el Consejo para informarme de los temas que suelen tratarse y discutirse. Y as\u00ed entender mejor su funcionamiento y como podr\u00eda ayudar.<\/li>\n\n\n\n<li>Creo que el objetivo del Consejo es seguir haciendo del Cela un gran colegio. Y para ello es necesario que direcci\u00f3n, profesores y padres trabajen de manera colaborativa. Se que siempre habr\u00e1 diferencias, pero creo que intentando buscar soluciones, conseguiremos que nuestro colegio siga siendo un gran colegio.<\/li>\n\n\n\n<li>Todos queremos lo mejor para nuestros ni\u00f1os y ni\u00f1as y aunque es nuestra obligaci\u00f3n como padres educarlos (como siempre me recordaba mi madre), la formaci\u00f3n debe recaer en el colegio y por ello debemos hacer lo posible para que este funcione de la mejor manera posible y ah\u00ed creo que los padres podemos ayudar y mucho.<\/li>\n<\/ol>\n\n\n\n<p><\/p>\n\n\n\n<p><\/p>\n<\/div><\/div>\n\n\n\n<div class=\"wp-block-media-text is-stacked-on-mobile is-vertically-aligned-top\" style=\"grid-template-columns:25% auto\"><figure class=\"wp-block-media-text__media\"><img loading=\"lazy\" decoding=\"async\" width=\"424\" height=\"492\" src=\"https:\/\/ampacamilojosecela.es\/wp-content\/uploads\/2024\/11\/A91o3x4e7_1mvbzdc_8xs.jpg\" alt=\"\" class=\"wp-image-1433 size-full\" srcset=\"https:\/\/ampacamilojosecela.es\/wp-content\/uploads\/2024\/11\/A91o3x4e7_1mvbzdc_8xs.jpg 424w, https:\/\/ampacamilojosecela.es\/wp-content\/uploads\/2024\/11\/A91o3x4e7_1mvbzdc_8xs-259x300.jpg 259w\" sizes=\"auto, (max-width: 424px) 100vw, 424px\" \/><\/figure><div class=\"wp-block-media-text__content\">\n<h2 class=\"wp-block-heading\">Marta Herranz P\u00e9rez<\/h2>\n\n\n\n<p>Soy Marta Herranz, madre de Alba (5a\u00f1os) y Mateo (8). Vecina del barrio desde 2014. Trabajo como educadora social desde hace 22 a\u00f1os atendiendo a personas que sufren enfermedad mental dentro de la red de recursos de la Comunidad de Madrid. Mi decisi\u00f3n nace de la motivaci\u00f3n por conocer el funcionamiento del colegio y poder participar en \u00e9l proponiendo como familia las mejoras que consideremos importantes. Poder ser voz tanto de mi familia como de otras con las que compartimos en el d\u00eda a d\u00eda inquietudes, necesidades y propuestas, desde la escucha activa.<br>Puedo aportar mi experiencia como madre, como observadora y parte implicada del colegio. As\u00ed mismo mi experiencia como educadora que vive cada d\u00eda la importancia de cuidar la salud mental. Mi intenci\u00f3n es poner en valor la necesidad de cuidar especialmente la convivencia en el centro escolar y trabajar la educaci\u00f3n emocional en las ni\u00f1as y ni\u00f1os. Aspectos fundamentales para un desarrollo integral y una buena salud mental.<\/p>\n\n\n\n<p><br>Considero fundamental ampliar aspectos del plan de Convivencia. Como herramienta para ello trabajar con las ni\u00f1as y ni\u00f1os la educaci\u00f3n y bienestar emocional desde edades muy tempranas, etapa en la que se construyen las bases del comportamiento. Hacer hincapi\u00e9 en la resoluci\u00f3n de conflictos, comunicaci\u00f3n asertiva, respeto mutuo, aceptaci\u00f3n de la diversidad, etc., utilizando materiales adecuados a cada edad. Capacidades fundamentales que nuestros hijos e hijas necesitan para prevenir el acoso escolar. Tambi\u00e9n fomentar un ambiente agradable, tranquilo y flexible en el colegio, ofrecer un espacio seguro en el que puedan expresarse y aprender; Velar por el buen funcionamiento y bienestar de todas los miembros de la comunidad educativa, con especial atenci\u00f3n a la infancia; Revisar la gesti\u00f3n del funcionamiento escolar siendo motor de cambios, propuestas y mejoras; Evaluar y apoyar en la resoluci\u00f3n de conflictos entre los miembros de la comunidad educativa.<br><\/p>\n\n\n\n<p>Considero importante poder ampliar el n\u00famero de salidas del colegio, proponiendo una al trimestre. Vivimos en Madrid, una ciudad con una oferta cultural inmensa y lugares cercanos para disfrutar en la naturaleza. Considerar cu\u00e1les son las posibilidades y qu\u00e9 se necesita para ello. Tambi\u00e9n organizar una mayor participaci\u00f3n de los distintos cursos en el huerto.<\/p>\n\n\n\n<p><\/p>\n\n\n\n<p><\/p>\n\n\n\n<p><\/p>\n\n\n\n<p><\/p>\n<\/div><\/div>\n\n\n\n<div class=\"wp-block-media-text is-stacked-on-mobile is-vertically-aligned-top\" style=\"grid-template-columns:33% auto\"><figure class=\"wp-block-media-text__media\"><img loading=\"lazy\" decoding=\"async\" width=\"1024\" height=\"772\" src=\"https:\/\/ampacamilojosecela.es\/wp-content\/uploads\/2024\/11\/f88b5d41-92ef-4df4-abc6-b301c1348693-1024x772.jpg\" alt=\"\" class=\"wp-image-1423 size-full\" srcset=\"https:\/\/ampacamilojosecela.es\/wp-content\/uploads\/2024\/11\/f88b5d41-92ef-4df4-abc6-b301c1348693-980x739.jpg 980w, https:\/\/ampacamilojosecela.es\/wp-content\/uploads\/2024\/11\/f88b5d41-92ef-4df4-abc6-b301c1348693-480x362.jpg 480w\" sizes=\"auto, (min-width: 0px) and (max-width: 480px) 480px, (min-width: 481px) and (max-width: 980px) 980px, (min-width: 981px) 1024px, 100vw\" \/><\/figure><div class=\"wp-block-media-text__content\">\n<h2 class=\"wp-block-heading\">Laura del Pozo Barahona<\/h2>\n\n\n\n<p>Reflexiva, optimista, creativa, comprometida y bastante cabezota. Esa soy yo. Tambi\u00e9n soy periodista, aut\u00f3noma, mam\u00e1 de dos ni\u00f1os (ni\u00f1o y ni\u00f1a) bastante singulares. Su llegada puso mi mundo patas arriba en muchos sentidos y me ense\u00f1\u00f3 que no se puede dar nada por sentado; que los planes siempre cambian, y que hay muchas formas de valor.<\/p>\n\n\n\n<p>2. Por compromiso y porque tengo la firme creencia en que si queremos que las cosas cambien, los primeros que debemos implicarnos somos nosotros mismos. Es algo que en casa intentamos que los ni\u00f1os aprendan: el valor de la participaci\u00f3n, la importancia de nuestra propia voz.<\/p>\n\n\n\n<p>3. Otra visi\u00f3n. Otro punto de vista basado en la experiencia personal, laboral, pero tambi\u00e9n en la capacidad para tratar de escuchar y entender al que tenemos delante, buscando siempre un consenso.<\/p>\n\n\n\n<p>4. Me gustar\u00eda valorar opciones para abrir m\u00e1s el centro a la comunidad escolar, creando sentido de pertenencia, fomentando el di\u00e1logo y activando la participaci\u00f3n de las familias.<br>La convivencia siempre es un aspecto importante a tratar, sobre todo en aquellos momentos en los que los alumnos disfrutan del juego libre y sale \u201clo mejor\u201d de cada uno. Creo que es un buen momento para ver qu\u00e9 podemos hacer, pero tambi\u00e9n para aprender de otros colegios. Y, por \u00faltimo, creo que debemos trabajar en la adaptaci\u00f3n del centro al cambio<br>clim\u00e1tico, abordando tanto las mejoras del centro como planes espec\u00edficos para atender posibles emergencias.<\/p>\n\n\n\n<p>5. El Consejo Escolar, como \u00f3rgano participativo y de toma de decisiones del colegio, tiene un importante labor en aspectos como la aprobaci\u00f3n del Proyecto Educativo del Centro o el Plan de Convivencia, pero tambi\u00e9n en otros \u00e1mbitos como la atenci\u00f3n a las necesidades de la comunidad educativa, debiendo estar abierto y atento a las necesidades que puedan presentarse.<\/p>\n\n\n\n<p><\/p>\n\n\n\n<p><\/p>\n<\/div><\/div>\n\n\n\n<div class=\"wp-block-media-text is-stacked-on-mobile is-vertically-aligned-top\" style=\"grid-template-columns:23% auto\"><figure class=\"wp-block-media-text__media\"><img loading=\"lazy\" decoding=\"async\" width=\"213\" height=\"283\" src=\"https:\/\/ampacamilojosecela.es\/wp-content\/uploads\/2024\/11\/Foto_Isidro_Solis.jpeg\" alt=\"\" class=\"wp-image-1416 size-full\"\/><\/figure><div class=\"wp-block-media-text__content\">\n<h2 class=\"wp-block-heading\">Isidro Sol\u00eds Dur\u00e1n<\/h2>\n\n\n\n<p>Mi nombre es Isidro Sol\u00eds y soy Ingeniero Inform\u00e1tico. Adem\u00e1s, soy corredor popular y me gusta esquiar y viajar. He decidido presentarme como candidato al Consejo Escolar porque estando pr\u00f3xima la salida de mi hija mayor del colegio, creo que es el momento de tratar de devolver al Camilo Jos\u00e9 Cela todo lo que hemos recibido desde que ella entr\u00f3 hace 8 a\u00f1os.<br>Creo firmemente en los valores que nos aportan el deporte y la lectura: el esfuerzo, la disciplina, el compa\u00f1erismo, el respeto mutuo as\u00ed como la amistad, la comunicaci\u00f3n y la constancia. Intentar\u00e9 que mi aportaci\u00f3n al Colegio desde el Consejo Escolar est\u00e9 enfocada en estos aprendizajes, para ofrecer un nuevo punto de vista en la educaci\u00f3n que ofrece el Camilo Jos\u00e9 Cela.<\/p>\n\n\n\n<p><\/p>\n\n\n\n<p><\/p>\n\n\n\n<p><\/p>\n<\/div><\/div>\n\n\n\n<div class=\"wp-block-media-text is-stacked-on-mobile is-vertically-aligned-top\" style=\"grid-template-columns:23% auto\"><figure class=\"wp-block-media-text__media\"><img loading=\"lazy\" decoding=\"async\" width=\"796\" height=\"1024\" src=\"https:\/\/ampacamilojosecela.es\/wp-content\/uploads\/2024\/11\/foto-796x1024.jpg\" alt=\"\" class=\"wp-image-1422 size-full\"\/><\/figure><div class=\"wp-block-media-text__content\">\n<h2 class=\"wp-block-heading\">Ana Andrea Su\u00e1rez Gonz\u00e1lez<\/h2>\n\n\n\n<ol class=\"wp-block-list\">\n<li>46 a\u00f1os. Maestra y profesora de secundaria. Funcionaria del Estado desde 2006. Graduada en Magisterio (USC) y Traducci\u00f3n e Interpretaci\u00f3n (USAL). Actualmente, profesora de ingl\u00e9s en un centro p\u00fablico de Formaci\u00f3n Profesional (ingl\u00e9s profesional en Inform\u00e1tica y Comercio Internacional), en Madrid capital. Madre de una ni\u00f1a de 5 a\u00f1os que lleva desde los 3 en el CEIP Camilo Jose Cela.<\/li>\n\n\n\n<li>Para contribuir de manera positiva a nuestra Comunidad Educativa.<\/li>\n\n\n\n<li>Visi\u00f3n integradora, siendo profesora y madre en el sistema educativo p\u00fablico espa\u00f1ol. Internacionalizaci\u00f3n del centro, al tener experiencia personal y profesional internacionales. Opciones de distintas rutas acad\u00e9micas de actualidad para el alumnado seg\u00fan sus intereses y necesidades.<\/li>\n\n\n\n<li>Plan de convivencia y Proyecto educativo: Mejorar los momentos educativos no estructurados (ej. patios de recreo). Observar la internacionalizaci\u00f3n del centro: mejorar los aspectos ling\u00fc\u00edsticos (lenguas maternas y extranjeras), incluyendo la competencia sociocultural (saber funcionar en contextos internacionales). Mejorar la expresi\u00f3n oral y escrita del alumnado. <\/li>\n\n\n\n<li>Di\u00e1logo profesional y constructivo de todas las partes centrado en el alumnado.<\/li>\n\n\n\n<li>Ayudar a crear un ambiente arm\u00f3nico y enriquecedor para el alumnado y toda la comunidad educativa. Tenemos un \u00e1rea de adscripci\u00f3n y perfil de familias ideales para conseguirlo.<\/li>\n<\/ol>\n<\/div><\/div>\n","protected":false},"excerpt":{"rendered":"<p>Como en anteriores elecciones al Consejo Escolar, el AMPA pone su web a disposici\u00f3n de los candidatos y candidatas que se han presentado como representantes de familias. En esta ocasi\u00f3n se renueva el 50% del Consejo, y de los 4 puestos de representantes de familias, deben renovarse dos. La votaci\u00f3n tendr\u00e1 lugar el 26 de [&hellip;]<\/p>\n","protected":false},"author":3,"featured_media":1420,"comment_status":"open","ping_status":"open","sticky":false,"template":"","format":"standard","meta":{"_et_pb_use_builder":"off","_et_pb_old_content":"<!-- wp:paragraph -->\n<p>Como en anteriores elecciones al Consejo Escolar, el AMPA pone su web a disposici\u00f3n de los candidatos y candidatas que se han presentado como representantes de familias. En esta ocasi\u00f3n se renueva el 50% del Consejo, y de los 4 puestos de representantes de familias, deben renovarse dos.  La votaci\u00f3n tendr\u00e1 lugar el 26 de noviembre. Si se hace presencialmente el horario ser\u00e1 de 08:30 a 09:30 horas y de 15:45 a 17:15 horas, pero tambi\u00e9n se puede votar por correo. <a href=\"https:\/\/site.educa.madrid.org\/cp.cela.madrid\/index.php\/2024\/11\/04\/elecciones-al-consejo-escolar-24-diciembre\/\" target=\"_blank\" rel=\"noreferrer noopener\">Aqu\u00ed toda la informaci\u00f3n.<\/a> Os animamos fuertemente a participar en esta votaci\u00f3n.<\/p>\n<!-- \/wp:paragraph -->\n\n<!-- wp:paragraph -->\n<p>Les propusimos a las candidatas\/os una serie de preguntas para presentar su candidatura y aqu\u00ed va el resultado. <\/p>\n<!-- \/wp:paragraph -->\n\n<!-- wp:paragraph -->\n<p><\/p>\n<!-- \/wp:paragraph -->\n\n<!-- wp:media-text {\"align\":\"\",\"mediaId\":1404,\"mediaLink\":\"https:\/\/ampacamilojosecela.es\/?attachment_id=1404\",\"mediaType\":\"image\",\"mediaWidth\":34,\"verticalAlignment\":\"top\"} -->\n<div class=\"wp-block-media-text is-stacked-on-mobile is-vertically-aligned-top\" style=\"grid-template-columns:34% auto\"><figure class=\"wp-block-media-text__media\"><img src=\"https:\/\/ampacamilojosecela.es\/wp-content\/uploads\/2024\/11\/materesadiez.jpg\" alt=\"\" class=\"wp-image-1404 size-full\"\/><\/figure><div class=\"wp-block-media-text__content\"><!-- wp:heading -->\n<h2 class=\"wp-block-heading\">M\u00aa Teresa D\u00edez Mart\u00edn<\/h2>\n<!-- \/wp:heading -->\n\n<!-- wp:paragraph -->\n<p>Queridos padres,<\/p>\n<!-- \/wp:paragraph -->\n\n<!-- wp:paragraph -->\n<p>Soy Mar\u00eda Teresa D\u00edez Mart\u00edn, mam\u00e1 de una preciosa y entusiasta ni\u00f1a que cursa 3\u00ba de infantil en el Colegio Camilo Jos\u00e9 Cela y, adem\u00e1s de ello, letrada especializada en Propiedad Intelectual e Industrial, t\u00e9cnico superior en sonido, productora musical y escritora, aunque mi gran pasi\u00f3n son las Bellas Artes (pintura y escultura). Tal vez, por todo ello, he cre\u00eddo siempre que la mejor herramienta para abordar y solventar conflictos y problemas es la creatividad.<\/p>\n<!-- \/wp:paragraph -->\n\n<!-- wp:paragraph -->\n<p>He presentado mi candidatura para el Consejo Escolar, porque considero que mi labor profesional y mis conocimientos adquiridos hasta el momento pueden contribuir positivamente a la toma de decisiones que se vayan a adoptar en el Colegio, atendiendo siempre a vuestras sugerencias e inquietudes, con el fin de proponer medidas e iniciativas que mejoren el Plan de convivencia e inclusi\u00f3n social en el centro, as\u00ed como promover la conservaci\u00f3n y renovaci\u00f3n de las instalaciones y equipo escolar, que, sin duda, redundar\u00e1n en la educaci\u00f3n y el bienestar de nuestros hijos como comunidad educativa de la que forman parte. <\/p>\n<!-- \/wp:paragraph -->\n\n<!-- wp:paragraph -->\n<p>Algunas de las propuestas de mejora ir\u00edan enfocadas al reemplazo del suelo del patio; instalaci\u00f3n de elementos de climatizaci\u00f3n en los edificios para los meses de calor; monitorizaci\u00f3n de las aulas a trav\u00e9s de la instalaci\u00f3n de calidad de aire y ac\u00fastica que sirvan como herramienta pedag\u00f3gica y mejora de la salud en espacios cerrados; canalizaci\u00f3n de iniciativas para mejorar la convivencia, respeto mutuo y resoluci\u00f3n pac\u00edfica de conflictos; instauraci\u00f3n del sistema Kiva ideado por una Universidad Finlandesa que se basa en un m\u00e9todo de prevenci\u00f3n frente al bullying, entre otros.<\/p>\n<!-- \/wp:paragraph -->\n\n<!-- wp:paragraph -->\n<p>Considero que formar parte del Consejo Escolar es una gran responsabilidad puesto que las catorce funciones que competen a este \u00d3rgano son de crucial relevancia para todos los que formamos parte de la comunidad educativa. Si bien, para mi las prioritarias son las que he mencionado en el p\u00e1rrafo anterior, pero tambi\u00e9n la de evaluar el Plan del centro y la de realizar un seguimiento de los compromisos de convivencia suscritos por el centro escolar para as\u00ed garantizar su efectividad y en caso de incumplimiento proponer medidas al efecto.<\/p>\n<!-- \/wp:paragraph -->\n\n<!-- wp:paragraph -->\n<p>Os animo a que vot\u00e9is y escoj\u00e1is a los candidatos que mejor consider\u00e9is. Si apoy\u00e1is mi candidatura tened por seguro que vuestras sugerencias ser\u00e1n atendidas y me volcar\u00e9 en hacer esta labor con la mayor excelencia de la que sea capaz. Estas son mis v\u00edas de contacto para cualquier duda o informaci\u00f3n adicional que pod\u00e1is requerir:  Tfno.-618494838 tessydiez@gmail.com<\/p>\n<!-- \/wp:paragraph -->\n\n<!-- wp:paragraph -->\n<p><\/p>\n<!-- \/wp:paragraph -->\n\n<!-- wp:paragraph -->\n<p><\/p>\n<!-- \/wp:paragraph -->\n\n<!-- wp:paragraph -->\n<p><\/p>\n<!-- \/wp:paragraph --><\/div><\/div>\n<!-- \/wp:media-text -->\n\n<!-- wp:media-text {\"align\":\"\",\"mediaId\":1408,\"mediaLink\":\"https:\/\/ampacamilojosecela.es\/?attachment_id=1408\",\"mediaType\":\"image\",\"mediaWidth\":33,\"verticalAlignment\":\"top\"} -->\n<div class=\"wp-block-media-text is-stacked-on-mobile is-vertically-aligned-top\" style=\"grid-template-columns:33% auto\"><figure class=\"wp-block-media-text__media\"><img src=\"https:\/\/ampacamilojosecela.es\/wp-content\/uploads\/2024\/11\/foto-Andrea-Escudero-767x1024.jpeg\" alt=\"\" class=\"wp-image-1408 size-full\"\/><\/figure><div class=\"wp-block-media-text__content\"><!-- wp:heading -->\n<h2 class=\"wp-block-heading\">Andrea Escudero V\u00e1zquez<\/h2>\n<!-- \/wp:heading -->\n\n<!-- wp:paragraph -->\n<p>Estimadas familias,<br>Mi nombre es Andrea Escudero V\u00e1zquez, madre de una alumna de 3\u00ba de Infantil y de otra que, previsiblemente, comenzar\u00e1 el pr\u00f3ximo curso escolar en el colegio Camilo Jos\u00e9 Cela.<br>Profesionalmente, soy profesora de Lengua Castellana y Literatura en las etapas de Secundaria y Bachillerato desde el a\u00f1o 2017, y he tenido el honor de formar parte del Consejo Escolar de mi centro educativo en calidad de representante del profesorado durante varios cursos<br>acad\u00e9micos. Es precisamente esta experiencia la que me impulsa a presentar mi candidatura al Consejo Escolar de nuestro colegio, convencida de la importancia fundamental que tiene este<br>\u00f3rgano como espacio de representaci\u00f3n, di\u00e1logo y toma de decisiones.<br>Creo firmemente que una comunidad educativa bien cohesionada y participativa no solo fortalece al propio centro escolar, sino que tambi\u00e9n contribuye al desarrollo y la mejora del sistema de la educaci\u00f3n p\u00fablica en su conjunto. Estoy convencida de que mi experiencia profesional y mis conocimientos en el \u00e1mbito educativo pueden ser valiosos para aportar al trabajo colectivo del Consejo Escolar. Mi objetivo es contribuir activamente al bienestar y la educaci\u00f3n integral de nuestros hijos e hijas, as\u00ed como fortalecer los lazos entre las familias y el centro, mejorando, por ejemplo, algunas cuestiones del funcionamiento general, con especial atenci\u00f3n a la comunicaci\u00f3n entre todos los miembros de la comunidad educativa, garantizando la participaci\u00f3n democr\u00e1tica de todos los sectores y supervisar la correcta aplicaci\u00f3n del Proyecto Educativo del centro.<br>Agradezco de antemano la confianza depositada en mi candidatura.<\/p>\n<!-- \/wp:paragraph -->\n\n<!-- wp:paragraph -->\n<p><\/p>\n<!-- \/wp:paragraph --><\/div><\/div>\n<!-- \/wp:media-text -->\n\n<!-- wp:paragraph -->\n<p><\/p>\n<!-- \/wp:paragraph -->","_et_gb_content_width":"","footnotes":""},"categories":[1,5],"tags":[],"class_list":["post-1403","post","type-post","status-publish","format-standard","has-post-thumbnail","hentry","category-sin-categoria","category-ultimas-noticias"],"_links":{"self":[{"href":"https:\/\/ampacamilojosecela.es\/index.php\/wp-json\/wp\/v2\/posts\/1403","targetHints":{"allow":["GET"]}}],"collection":[{"href":"https:\/\/ampacamilojosecela.es\/index.php\/wp-json\/wp\/v2\/posts"}],"about":[{"href":"https:\/\/ampacamilojosecela.es\/index.php\/wp-json\/wp\/v2\/types\/post"}],"author":[{"embeddable":true,"href":"https:\/\/ampacamilojosecela.es\/index.php\/wp-json\/wp\/v2\/users\/3"}],"replies":[{"embeddable":true,"href":"https:\/\/ampacamilojosecela.es\/index.php\/wp-json\/wp\/v2\/comments?post=1403"}],"version-history":[{"count":15,"href":"https:\/\/ampacamilojosecela.es\/index.php\/wp-json\/wp\/v2\/posts\/1403\/revisions"}],"predecessor-version":[{"id":1434,"href":"https:\/\/ampacamilojosecela.es\/index.php\/wp-json\/wp\/v2\/posts\/1403\/revisions\/1434"}],"wp:featuredmedia":[{"embeddable":true,"href":"https:\/\/ampacamilojosecela.es\/index.php\/wp-json\/wp\/v2\/media\/1420"}],"wp:attachment":[{"href":"https:\/\/ampacamilojosecela.es\/index.php\/wp-json\/wp\/v2\/media?parent=1403"}],"wp:term":[{"taxonomy":"category","embeddable":true,"href":"https:\/\/ampacamilojosecela.es\/index.php\/wp-json\/wp\/v2\/categories?post=1403"},{"taxonomy":"post_tag","embeddable":true,"href":"https:\/\/ampacamilojosecela.es\/index.php\/wp-json\/wp\/v2\/tags?post=1403"}],"curies":[{"name":"wp","href":"https:\/\/api.w.org\/{rel}","templated":true}]}}