{"id":1400,"date":"2024-11-15T07:48:59","date_gmt":"2024-11-15T07:48:59","guid":{"rendered":"https:\/\/ampacamilojosecela.es\/?p=1400"},"modified":"2024-11-15T07:49:46","modified_gmt":"2024-11-15T07:49:46","slug":"cinecole-pelicula-migracion-viernes-22-de-noviembre-1730h","status":"publish","type":"post","link":"https:\/\/ampacamilojosecela.es\/index.php\/2024\/11\/15\/cinecole-pelicula-migracion-viernes-22-de-noviembre-1730h\/","title":{"rendered":"CINECOLE: Pel\u00edcula Migraci\u00f3n &#8211; Viernes 22 de noviembre, 17:30h"},"content":{"rendered":"\n<figure class=\"wp-block-image size-large\"><img loading=\"lazy\" decoding=\"async\" width=\"731\" height=\"1024\" src=\"https:\/\/ampacamilojosecela.es\/wp-content\/uploads\/2024\/11\/WhatsApp-Image-2024-11-13-at-09.23.00-731x1024.jpeg\" alt=\"\" class=\"wp-image-1401\"\/><\/figure>\n\n\n\n<p>\u00a1Queridas familias! El viernes 22 de noviembre, a las 17:30 horas, tenemos una nueva sesi\u00f3n de Cine Cole para disfrutar entre amigos de las mejores pel\u00edculas infantiles. Esta vez, veremos la pel\u00edcula <strong>MIGRACI\u00d3N.<\/strong><\/p>\n\n\n\n<p>Recordad que es <strong>necesaria <\/strong>la <a href=\"https:\/\/forms.gle\/w3UMyXo5zf2JssTM9\">inscripci\u00f3n aqu\u00ed<\/a><\/p>\n\n\n\n<p>Y las normas para que la tarde de cine vaya fenomenal:<\/p>\n\n\n\n<ul class=\"wp-block-list\">\n<li>Inscribiros (esencial)<\/li>\n\n\n\n<li>Avisar a vuestros amigos del cole<\/li>\n\n\n\n<li>Un adulto por ni\u00f1o\/s para que quepamos m\u00e1s<\/li>\n\n\n\n<li>Merendar antes para centrarnos en la pel\u00edcula. En la sala no podremos comer ni beber<\/li>\n\n\n\n<li>Comportarnos con respeto hacia nuestros compa\u00f1eros<\/li>\n<\/ul>\n\n\n\n<p>Y lo mas importantes: \u00a1Pasarlo de pel\u00edcula! <\/p>\n\n\n\n<p>M\u00e1s informaci\u00f3n en <a href=\"https:\/\/www.filmaffinity.com\/es\/film497593.html\">Filmaffinity<\/a><\/p>\n\n\n\n<p><\/p>\n\n\n\n<p>&#8212;&#8212;&#8212;&#8212;&#8212;&#8212;&#8212;&#8212;&#8212;&#8212;&#8212;&#8212;&#8212;&#8212;&#8212;&#8212;&#8211;<\/p>\n\n\n\n<p>*Por la presente certificamos que ha obtenido la autorizaci\u00f3n de Motion Picture Licesing Company Spain OGI S.L, en conformidad con el Texto Refundido de la Ley de Propiedad Intelectual para la comunicaci\u00f3n p\u00fablica de videos y DVD editados para uso privado, en los locales\/ establecimientos siguientes: CEIP Camilo Jos\u00e9 Cela. Con aforo m\u00e1ximo de 50 personas, 10 proyecciones anuales y de acuerdo con las condiciones acordadas entre las partes en el contrato de licencia. Esta licencia expirar\u00e1 por todo el fecha: 10\/10\/25<br><\/p>\n","protected":false},"excerpt":{"rendered":"<p>\u00a1Queridas familias! El viernes 22 de noviembre, a las 17:30 horas, tenemos una nueva sesi\u00f3n de Cine Cole para disfrutar entre amigos de las mejores pel\u00edculas infantiles. Esta vez, veremos la pel\u00edcula MIGRACI\u00d3N. Recordad que es necesaria la inscripci\u00f3n aqu\u00ed Y las normas para que la tarde de cine vaya fenomenal: Y lo mas importantes: [&hellip;]<\/p>\n","protected":false},"author":10,"featured_media":1401,"comment_status":"open","ping_status":"open","sticky":false,"template":"","format":"standard","meta":{"_et_pb_use_builder":"off","_et_pb_old_content":"","_et_gb_content_width":"","footnotes":""},"categories":[5],"tags":[23,22,24],"class_list":["post-1400","post","type-post","status-publish","format-standard","has-post-thumbnail","hentry","category-ultimas-noticias","tag-actividades","tag-cinecole","tag-pelicula"],"_links":{"self":[{"href":"https:\/\/ampacamilojosecela.es\/index.php\/wp-json\/wp\/v2\/posts\/1400","targetHints":{"allow":["GET"]}}],"collection":[{"href":"https:\/\/ampacamilojosecela.es\/index.php\/wp-json\/wp\/v2\/posts"}],"about":[{"href":"https:\/\/ampacamilojosecela.es\/index.php\/wp-json\/wp\/v2\/types\/post"}],"author":[{"embeddable":true,"href":"https:\/\/ampacamilojosecela.es\/index.php\/wp-json\/wp\/v2\/users\/10"}],"replies":[{"embeddable":true,"href":"https:\/\/ampacamilojosecela.es\/index.php\/wp-json\/wp\/v2\/comments?post=1400"}],"version-history":[{"count":1,"href":"https:\/\/ampacamilojosecela.es\/index.php\/wp-json\/wp\/v2\/posts\/1400\/revisions"}],"predecessor-version":[{"id":1402,"href":"https:\/\/ampacamilojosecela.es\/index.php\/wp-json\/wp\/v2\/posts\/1400\/revisions\/1402"}],"wp:featuredmedia":[{"embeddable":true,"href":"https:\/\/ampacamilojosecela.es\/index.php\/wp-json\/wp\/v2\/media\/1401"}],"wp:attachment":[{"href":"https:\/\/ampacamilojosecela.es\/index.php\/wp-json\/wp\/v2\/media?parent=1400"}],"wp:term":[{"taxonomy":"category","embeddable":true,"href":"https:\/\/ampacamilojosecela.es\/index.php\/wp-json\/wp\/v2\/categories?post=1400"},{"taxonomy":"post_tag","embeddable":true,"href":"https:\/\/ampacamilojosecela.es\/index.php\/wp-json\/wp\/v2\/tags?post=1400"}],"curies":[{"name":"wp","href":"https:\/\/api.w.org\/{rel}","templated":true}]}}