{"id":1347,"date":"2024-10-17T09:55:03","date_gmt":"2024-10-17T09:55:03","guid":{"rendered":"https:\/\/ampacamilojosecela.es\/?p=1347"},"modified":"2024-10-17T10:05:10","modified_gmt":"2024-10-17T10:05:10","slug":"halloween-en-el-camilo-25-de-octubre-a-partir-de-las-1730h","status":"publish","type":"post","link":"https:\/\/ampacamilojosecela.es\/index.php\/2024\/10\/17\/halloween-en-el-camilo-25-de-octubre-a-partir-de-las-1730h\/","title":{"rendered":"Halloween en el Camilo: 25 de octubre a partir de las 17:30h"},"content":{"rendered":"\n<p>El pr\u00f3ximo viernes d\u00eda <strong>25 de octubre<\/strong>, a partir de las <strong>17.30h&nbsp;<\/strong>de la tarde celebraremos nuestra ya tradicional <strong>fiesta de&nbsp;Halloween<\/strong>, abierta a todas las familias del centro y gratuita para todos (socios y no socios).&nbsp;<\/p>\n\n\n\n<p>Habr\u00e1 merienda, talleres, pintacaras, photocall y muchas sorpresas. Adem\u00e1s, los alumnos de 6\u00ba de Primaria organizar\u00e1n\u00a0un mercadillo. No olvides traer dinero en efectivo, y un vaso reutilizable (si no\u00a0tienes, podr\u00e1s comprar uno all\u00ed mismo).\u00a0<\/p>\n\n\n\n<p>\u00a1Os esperamos con vuestros mejores disfraces!<\/p>\n\n\n\n<p><strong>Concurso de calabazas<\/strong><\/p>\n\n\n\n<p>Ese mismo d\u00eda realizaremos el habitual&nbsp;concurso de calabazas.<\/p>\n\n\n\n<p>Pod\u00e9is traer las calabazas el mismo d\u00eda 25 de octubre. En la base deber\u00e1n figurar el nombre, curso y letra del autor\/a,\u00a0para poder identificaros. <\/p>\n\n\n\n<p>\u00a1Hay<strong>&nbsp;premios&nbsp;<\/strong>para los ganadores!<\/p>\n\n\n\n<p>Las calabazas&nbsp;se depositar\u00e1n en las mesas que hay en el porche del edificio principal y&nbsp;se recoger\u00e1n AL FINALIZAR LA FIESTA.&nbsp;<\/p>\n\n\n\n<figure class=\"wp-block-image size-large is-resized\"><img loading=\"lazy\" decoding=\"async\" width=\"576\" height=\"1024\" src=\"https:\/\/ampacamilojosecela.es\/wp-content\/uploads\/2024\/10\/fiesta-en-el-colegio-Tu-historia-1-576x1024.jpg\" alt=\"\" class=\"wp-image-1339\" style=\"width:576px;height:auto\"\/><\/figure>\n","protected":false},"excerpt":{"rendered":"<p>El pr\u00f3ximo viernes d\u00eda 25 de octubre, a partir de las 17.30h&nbsp;de la tarde celebraremos nuestra ya tradicional fiesta de&nbsp;Halloween, abierta a todas las familias del centro y gratuita para todos (socios y no socios).&nbsp; Habr\u00e1 merienda, talleres, pintacaras, photocall y muchas sorpresas. Adem\u00e1s, los alumnos de 6\u00ba de Primaria organizar\u00e1n\u00a0un mercadillo. No olvides traer [&hellip;]<\/p>\n","protected":false},"author":10,"featured_media":1351,"comment_status":"closed","ping_status":"closed","sticky":false,"template":"","format":"standard","meta":{"_et_pb_use_builder":"off","_et_pb_old_content":"","_et_gb_content_width":"1080","footnotes":""},"categories":[5],"tags":[23,28,29,27,25,26],"class_list":["post-1347","post","type-post","status-publish","format-standard","has-post-thumbnail","hentry","category-ultimas-noticias","tag-actividades","tag-calabazas","tag-colegio","tag-concurso","tag-fiesta","tag-halloween"],"_links":{"self":[{"href":"https:\/\/ampacamilojosecela.es\/index.php\/wp-json\/wp\/v2\/posts\/1347","targetHints":{"allow":["GET"]}}],"collection":[{"href":"https:\/\/ampacamilojosecela.es\/index.php\/wp-json\/wp\/v2\/posts"}],"about":[{"href":"https:\/\/ampacamilojosecela.es\/index.php\/wp-json\/wp\/v2\/types\/post"}],"author":[{"embeddable":true,"href":"https:\/\/ampacamilojosecela.es\/index.php\/wp-json\/wp\/v2\/users\/10"}],"replies":[{"embeddable":true,"href":"https:\/\/ampacamilojosecela.es\/index.php\/wp-json\/wp\/v2\/comments?post=1347"}],"version-history":[{"count":1,"href":"https:\/\/ampacamilojosecela.es\/index.php\/wp-json\/wp\/v2\/posts\/1347\/revisions"}],"predecessor-version":[{"id":1348,"href":"https:\/\/ampacamilojosecela.es\/index.php\/wp-json\/wp\/v2\/posts\/1347\/revisions\/1348"}],"wp:featuredmedia":[{"embeddable":true,"href":"https:\/\/ampacamilojosecela.es\/index.php\/wp-json\/wp\/v2\/media\/1351"}],"wp:attachment":[{"href":"https:\/\/ampacamilojosecela.es\/index.php\/wp-json\/wp\/v2\/media?parent=1347"}],"wp:term":[{"taxonomy":"category","embeddable":true,"href":"https:\/\/ampacamilojosecela.es\/index.php\/wp-json\/wp\/v2\/categories?post=1347"},{"taxonomy":"post_tag","embeddable":true,"href":"https:\/\/ampacamilojosecela.es\/index.php\/wp-json\/wp\/v2\/tags?post=1347"}],"curies":[{"name":"wp","href":"https:\/\/api.w.org\/{rel}","templated":true}]}}