{"id":1324,"date":"2024-10-07T10:31:18","date_gmt":"2024-10-07T10:31:18","guid":{"rendered":"https:\/\/ampacamilojosecela.es\/?p=1324"},"modified":"2024-10-08T06:26:16","modified_gmt":"2024-10-08T06:26:16","slug":"nueva-temporada-de-cinecole-sonic-la-pelicula","status":"publish","type":"post","link":"https:\/\/ampacamilojosecela.es\/index.php\/2024\/10\/07\/nueva-temporada-de-cinecole-sonic-la-pelicula\/","title":{"rendered":"\u00a1Nueva temporada de CINECOLE!  SONIC, la pel\u00edcula"},"content":{"rendered":"\n<figure class=\"wp-block-image size-large\"><img loading=\"lazy\" decoding=\"async\" width=\"737\" height=\"1024\" src=\"https:\/\/ampacamilojosecela.es\/wp-content\/uploads\/2024\/10\/WhatsApp-Image-2024-10-04-at-11.47.32-737x1024.jpeg\" alt=\"\" class=\"wp-image-1326\"\/><\/figure>\n\n\n\n<p>\u00a1Queridas familias!  Una temporada m\u00e1s, desde el AMPA, ponemos en marcha esta actividad&nbsp;que tanto nos gusta porque nos permite disfrutar entre amigos del mejor cine. Apuntad fecha y hora: Os esperamos a todos el pr\u00f3ximo <strong>viernes 11 de octubre, a las 17:15h<\/strong>. Veremos juntos <strong>SONIC, la pel\u00edcula.<\/strong><\/p>\n\n\n\n<p>Recordad que es <strong>necesaria la <\/strong><a href=\"https:\/\/forms.gle\/FgxfDioC9tnRRf416\" target=\"_blank\" rel=\"noreferrer noopener\"><strong>inscripci\u00f3n<\/strong> aqu\u00ed<\/a><\/p>\n\n\n\n<p>Y las normas para que la tarde de cine vaya fenomenal:<\/p>\n\n\n\n<ul class=\"wp-block-list\">\n<li>Inscribiros (esencial)<\/li>\n\n\n\n<li>Avisar a vuestros amigos del cole<\/li>\n\n\n\n<li>Un adulto por ni\u00f1o\/s para que quepamos m\u00e1s<\/li>\n\n\n\n<li>Merendar antes para centrarnos en la pel\u00edcula. En la sala no podremos comer ni beber<\/li>\n\n\n\n<li>Comportarnos con respeto hacia nuestros compa\u00f1eros<\/li>\n<\/ul>\n\n\n\n<p>Y lo mas importantes: \u00a1Pasarlo de pel\u00edcula! <\/p>\n\n\n\n<p>M\u00e1s informaci\u00f3n en <a href=\"https:\/\/www.filmaffinity.com\/es\/film274997.html\" data-type=\"link\" data-id=\"https:\/\/www.filmaffinity.com\/es\/film274997.html\" target=\"_blank\" rel=\"noreferrer noopener\">Filmaffinity<\/a><\/p>\n\n\n\n<p><\/p>\n\n\n\n<p>&#8212;&#8212;&#8212;&#8212;&#8212;&#8212;&#8212;&#8212;&#8212;&#8212;&#8212;&#8212;&#8212;&#8212;&#8212;&#8212;&#8211;<\/p>\n\n\n\n<p>*Por la presente certificamos que ha obtenido la autorizaci\u00f3n de Motion Picture Licesing Company Spain OGI S.L, en conformidad con el Texto Refundido de la Ley de Propiedad Intelectual para la comunicaci\u00f3n p\u00fablica de videos y DVD editados para uso privado, en los locales\/ establecimientos siguientes: CEIP Camilo Jos\u00e9 Cela. Con aforo m\u00e1ximo de 50 personas, 10 proyecciones anuales y de acuerdo con las condiciones acordadas entre las partes en el contrato de licencia. Esta licencia expirar\u00e1 por todo el fecha: 10\/10\/25<br><\/p>\n","protected":false},"excerpt":{"rendered":"<p>\u00a1Queridas familias! Una temporada m\u00e1s, desde el AMPA, ponemos en marcha esta actividad&nbsp;que tanto nos gusta porque nos permite disfrutar entre amigos del mejor cine. Apuntad fecha y hora: Os esperamos a todos el pr\u00f3ximo viernes 11 de octubre, a las 17:15h. Veremos juntos SONIC, la pel\u00edcula. Recordad que es necesaria la inscripci\u00f3n aqu\u00ed Y [&hellip;]<\/p>\n","protected":false},"author":10,"featured_media":1333,"comment_status":"open","ping_status":"open","sticky":false,"template":"","format":"standard","meta":{"_et_pb_use_builder":"off","_et_pb_old_content":"","_et_gb_content_width":"","footnotes":""},"categories":[5],"tags":[23,22,24],"class_list":["post-1324","post","type-post","status-publish","format-standard","has-post-thumbnail","hentry","category-ultimas-noticias","tag-actividades","tag-cinecole","tag-pelicula"],"_links":{"self":[{"href":"https:\/\/ampacamilojosecela.es\/index.php\/wp-json\/wp\/v2\/posts\/1324","targetHints":{"allow":["GET"]}}],"collection":[{"href":"https:\/\/ampacamilojosecela.es\/index.php\/wp-json\/wp\/v2\/posts"}],"about":[{"href":"https:\/\/ampacamilojosecela.es\/index.php\/wp-json\/wp\/v2\/types\/post"}],"author":[{"embeddable":true,"href":"https:\/\/ampacamilojosecela.es\/index.php\/wp-json\/wp\/v2\/users\/10"}],"replies":[{"embeddable":true,"href":"https:\/\/ampacamilojosecela.es\/index.php\/wp-json\/wp\/v2\/comments?post=1324"}],"version-history":[{"count":6,"href":"https:\/\/ampacamilojosecela.es\/index.php\/wp-json\/wp\/v2\/posts\/1324\/revisions"}],"predecessor-version":[{"id":1336,"href":"https:\/\/ampacamilojosecela.es\/index.php\/wp-json\/wp\/v2\/posts\/1324\/revisions\/1336"}],"wp:featuredmedia":[{"embeddable":true,"href":"https:\/\/ampacamilojosecela.es\/index.php\/wp-json\/wp\/v2\/media\/1333"}],"wp:attachment":[{"href":"https:\/\/ampacamilojosecela.es\/index.php\/wp-json\/wp\/v2\/media?parent=1324"}],"wp:term":[{"taxonomy":"category","embeddable":true,"href":"https:\/\/ampacamilojosecela.es\/index.php\/wp-json\/wp\/v2\/categories?post=1324"},{"taxonomy":"post_tag","embeddable":true,"href":"https:\/\/ampacamilojosecela.es\/index.php\/wp-json\/wp\/v2\/tags?post=1324"}],"curies":[{"name":"wp","href":"https:\/\/api.w.org\/{rel}","templated":true}]}}