{"id":1225,"date":"2024-04-16T13:40:24","date_gmt":"2024-04-16T13:40:24","guid":{"rendered":"https:\/\/ampacamilojosecela.es\/?p=1225"},"modified":"2024-04-16T13:40:24","modified_gmt":"2024-04-16T13:40:24","slug":"actividad-en-isciii-como-explicamos-la-genetica-a-jovenesactividad-en-isciii","status":"publish","type":"post","link":"https:\/\/ampacamilojosecela.es\/index.php\/2024\/04\/16\/actividad-en-isciii-como-explicamos-la-genetica-a-jovenesactividad-en-isciii\/","title":{"rendered":"ACTIVIDAD EN ISCIII: \u00bfC\u00f3mo explicamos la gen\u00e9tica a j\u00f3venes?ACTIVIDAD EN ISCIII:"},"content":{"rendered":"<p>[et_pb_section fb_built=\u00bb1&#8243; _builder_version=\u00bb4.19.4&#8243; _module_preset=\u00bbdefault\u00bb global_colors_info=\u00bb{}\u00bb][et_pb_row _builder_version=\u00bb4.19.4&#8243; _module_preset=\u00bbdefault\u00bb global_colors_info=\u00bb{}\u00bb][et_pb_column type=\u00bb4_4&#8243; _builder_version=\u00bb4.19.4&#8243; _module_preset=\u00bbdefault\u00bb global_colors_info=\u00bb{}\u00bb][et_pb_text _builder_version=\u00bb4.24.3&#8243; _module_preset=\u00bbdefault\u00bb hover_enabled=\u00bb0&#8243; global_colors_info=\u00bb{}\u00bb sticky_enabled=\u00bb0&#8243;]<\/p>\n<h4>Actividad divulgativa para dar conocer la rama de la ciencia que es la gen\u00e9tica, con presentaci\u00f3n de libro \u201c<a href=\"https:\/\/www.editorialjuventud.es\/la-genetica-9788426148322\/\" rel=\"noopener\" target=\"_blank\">La gen\u00e9tica. Explicada por Dra. Barbara McClintock<\/a>\u201d\u00a0por los autores Pablo Barrecheguren e Isa Loureiro y taller para realizar un gen.<\/h4>\n<p><strong>Fecha<\/strong>: Viernes 19 de abril 2024<\/p>\n<p><strong>Horario<\/strong>: 17.30h a 18.30h<\/p>\n<p><strong>Actividad<\/strong>:\u00bfC\u00f3mo explicamos la gen\u00e9tica a j\u00f3venes? por los autores Pablo Barrecheguren e Isa Loureiro y taller para realizar un gen.<\/p>\n<p><strong>P\u00fablico al que se dirige<\/strong>: familias con ni\u00f1os entre 7 y 14 a\u00f1os. (aforo 80 personas)<\/p>\n<p><strong>Lugar<\/strong>: Aula Magna e instalaciones en pabell\u00f3n 14. Campus Chamart\u00edn ISCIII.\u00a0Instituto de Salud Carlos III, Avenida Monforte de Lemos 5, Madrid.<\/p>\n<p><strong>Organizada<span>\u00a0<\/span><\/strong>por Subdirecci\u00f3n General de Terapia Celular y Medicina Regenerativa.<\/p>\n<p>&nbsp;<\/p>\n<p>&nbsp;<\/p>\n<p>Actividad gratuita con inscripci\u00f3n previa (aforo limitado). Antes y despu\u00e9s visitaremos algunos rincones relacionados con la historia de la instituci\u00f3n en grupos de 20 personas y horarios 17.00h y 18.30h.<\/p>\n<p>Los autores dedicar\u00e1n el libro al terminar la actividad. El libro est\u00e1 disponible para pr\u00e9stamo en la Biblioteca Nacional de Ciencias de la Salud, para trabajadores de la instituci\u00f3n. En Cat\u00e1logo BNCS:\u00a0<a href=\"https:\/\/absysnet.isciii.es\/opac\/abnetcl.exe?TITN=55817\" target=\"_blank\" rel=\"noopener\">http:\/\/absysnet.isciii.es\/opac\/abnetcl.exe?TITN=55817<\/a><\/p>\n<p>[\/et_pb_text][\/et_pb_column][\/et_pb_row][\/et_pb_section]<\/p>\n","protected":false},"excerpt":{"rendered":"<p>Actividad divulgativa para dar conocer la rama de la ciencia que es la gen\u00e9tica, con presentaci\u00f3n de libro \u201cLa gen\u00e9tica. Explicada por Dra. Barbara McClintock\u201d\u00a0por los autores Pablo Barrecheguren e Isa Loureiro y taller para realizar un gen. Fecha: Viernes 19 de abril 2024 Horario: 17.30h a 18.30h Actividad:\u00bfC\u00f3mo explicamos la gen\u00e9tica a j\u00f3venes? por [&hellip;]<\/p>\n","protected":false},"author":1,"featured_media":1226,"comment_status":"closed","ping_status":"closed","sticky":false,"template":"","format":"standard","meta":{"_et_pb_use_builder":"on","_et_pb_old_content":"","_et_gb_content_width":"1080","footnotes":""},"categories":[5],"tags":[],"class_list":["post-1225","post","type-post","status-publish","format-standard","has-post-thumbnail","hentry","category-ultimas-noticias"],"_links":{"self":[{"href":"https:\/\/ampacamilojosecela.es\/index.php\/wp-json\/wp\/v2\/posts\/1225","targetHints":{"allow":["GET"]}}],"collection":[{"href":"https:\/\/ampacamilojosecela.es\/index.php\/wp-json\/wp\/v2\/posts"}],"about":[{"href":"https:\/\/ampacamilojosecela.es\/index.php\/wp-json\/wp\/v2\/types\/post"}],"author":[{"embeddable":true,"href":"https:\/\/ampacamilojosecela.es\/index.php\/wp-json\/wp\/v2\/users\/1"}],"replies":[{"embeddable":true,"href":"https:\/\/ampacamilojosecela.es\/index.php\/wp-json\/wp\/v2\/comments?post=1225"}],"version-history":[{"count":2,"href":"https:\/\/ampacamilojosecela.es\/index.php\/wp-json\/wp\/v2\/posts\/1225\/revisions"}],"predecessor-version":[{"id":1228,"href":"https:\/\/ampacamilojosecela.es\/index.php\/wp-json\/wp\/v2\/posts\/1225\/revisions\/1228"}],"wp:featuredmedia":[{"embeddable":true,"href":"https:\/\/ampacamilojosecela.es\/index.php\/wp-json\/wp\/v2\/media\/1226"}],"wp:attachment":[{"href":"https:\/\/ampacamilojosecela.es\/index.php\/wp-json\/wp\/v2\/media?parent=1225"}],"wp:term":[{"taxonomy":"category","embeddable":true,"href":"https:\/\/ampacamilojosecela.es\/index.php\/wp-json\/wp\/v2\/categories?post=1225"},{"taxonomy":"post_tag","embeddable":true,"href":"https:\/\/ampacamilojosecela.es\/index.php\/wp-json\/wp\/v2\/tags?post=1225"}],"curies":[{"name":"wp","href":"https:\/\/api.w.org\/{rel}","templated":true}]}}