{"id":1216,"date":"2024-04-11T18:45:54","date_gmt":"2024-04-11T18:45:54","guid":{"rendered":"https:\/\/ampacamilojosecela.es\/?p=1216"},"modified":"2024-04-11T18:46:54","modified_gmt":"2024-04-11T18:46:54","slug":"campamento-urbano-julio-2024","status":"publish","type":"post","link":"https:\/\/ampacamilojosecela.es\/index.php\/2024\/04\/11\/campamento-urbano-julio-2024\/","title":{"rendered":"CAMPAMENTO URBANO JULIO 2024"},"content":{"rendered":"<p>[et_pb_section fb_built=\u00bb1&#8243; _builder_version=\u00bb4.19.4&#8243; _module_preset=\u00bbdefault\u00bb global_colors_info=\u00bb{}\u00bb][et_pb_row _builder_version=\u00bb4.19.4&#8243; _module_preset=\u00bbdefault\u00bb global_colors_info=\u00bb{}\u00bb][et_pb_column type=\u00bb4_4&#8243; _builder_version=\u00bb4.19.4&#8243; _module_preset=\u00bbdefault\u00bb global_colors_info=\u00bb{}\u00bb][et_pb_text _builder_version=\u00bb4.24.3&#8243; _module_preset=\u00bbdefault\u00bb hover_enabled=\u00bb0&#8243; global_colors_info=\u00bb{}\u00bb sticky_enabled=\u00bb0&#8243;]<\/p>\n<h3>CAMPAMENTO URBANO EN EL COLEGIO EN JUNIO Y JULIO<\/h3>\n<p>Para ayudar con la conciliaci\u00f3n de la vida laboral-familiar, la empresa FACEI, S.L. os ofrece la posibilidad de inscribir a vuestros hijos en nuestros CAMPAMENTOS URBANOS del verano de 2024.<br \/>Nuestros campamentos urbanos son la soluci\u00f3n m\u00e1s atractiva y divertida para los ni\u00f1os y la que mayor confianza y seguridad transmite a los padres.<\/p>\n<p>FECHAS: Desde el 24 de junio hasta el 31 de julio (ambos incluidos) y desde el 2 de septiembre al comienzo del curso. Ofrecemos la posibilidad de asistir por semanas, una o varias, seguidas o alternas y d\u00edas sueltos.<br \/>HORARIO: De forma general ser\u00e1 de 8:45 a 14:00 horas, con ampliaci\u00f3n para todos los que lo necesiten desde las 7:30 y hasta las 8:45 (desayuno incluido) y desde las 14:00 hasta las 17:00 (comida incluida).<\/p>\n<p>INSCRIPCI\u00d3N A TRAV\u00c9S DEL SIGUIENTE ENLACE<\/p>\n<p><a href=\"https:\/\/faceisl.com\/inscripciones\/\">Inscripci\u00f3n <\/a><\/p>\n<p>[\/et_pb_text][et_pb_button button_url=\u00bbhttps:\/\/ampacamilojosecela.es\/wp-content\/uploads\/2024\/04\/CIRC.CAMP_.URB-DEP.-2024_-CAMILO.pdf\u00bb url_new_window=\u00bbon\u00bb button_text=\u00bbDescargar dossier informativo\u00bb _builder_version=\u00bb4.24.3&#8243; _module_preset=\u00bbdefault\u00bb hover_enabled=\u00bb0&#8243; global_colors_info=\u00bb{}\u00bb sticky_enabled=\u00bb0&#8243;][\/et_pb_button][\/et_pb_column][\/et_pb_row][\/et_pb_section]<\/p>\n","protected":false},"excerpt":{"rendered":"<p>CAMPAMENTO URBANO EN EL COLEGIO EN JUNIO Y JULIO Para ayudar con la conciliaci\u00f3n de la vida laboral-familiar, la empresa FACEI, S.L. os ofrece la posibilidad de inscribir a vuestros hijos en nuestros CAMPAMENTOS URBANOS del verano de 2024.Nuestros campamentos urbanos son la soluci\u00f3n m\u00e1s atractiva y divertida para los ni\u00f1os y la que mayor [&hellip;]<\/p>\n","protected":false},"author":1,"featured_media":1217,"comment_status":"open","ping_status":"open","sticky":false,"template":"","format":"standard","meta":{"_et_pb_use_builder":"on","_et_pb_old_content":"","_et_gb_content_width":"1080","footnotes":""},"categories":[5],"tags":[],"class_list":["post-1216","post","type-post","status-publish","format-standard","has-post-thumbnail","hentry","category-ultimas-noticias"],"_links":{"self":[{"href":"https:\/\/ampacamilojosecela.es\/index.php\/wp-json\/wp\/v2\/posts\/1216","targetHints":{"allow":["GET"]}}],"collection":[{"href":"https:\/\/ampacamilojosecela.es\/index.php\/wp-json\/wp\/v2\/posts"}],"about":[{"href":"https:\/\/ampacamilojosecela.es\/index.php\/wp-json\/wp\/v2\/types\/post"}],"author":[{"embeddable":true,"href":"https:\/\/ampacamilojosecela.es\/index.php\/wp-json\/wp\/v2\/users\/1"}],"replies":[{"embeddable":true,"href":"https:\/\/ampacamilojosecela.es\/index.php\/wp-json\/wp\/v2\/comments?post=1216"}],"version-history":[{"count":3,"href":"https:\/\/ampacamilojosecela.es\/index.php\/wp-json\/wp\/v2\/posts\/1216\/revisions"}],"predecessor-version":[{"id":1221,"href":"https:\/\/ampacamilojosecela.es\/index.php\/wp-json\/wp\/v2\/posts\/1216\/revisions\/1221"}],"wp:featuredmedia":[{"embeddable":true,"href":"https:\/\/ampacamilojosecela.es\/index.php\/wp-json\/wp\/v2\/media\/1217"}],"wp:attachment":[{"href":"https:\/\/ampacamilojosecela.es\/index.php\/wp-json\/wp\/v2\/media?parent=1216"}],"wp:term":[{"taxonomy":"category","embeddable":true,"href":"https:\/\/ampacamilojosecela.es\/index.php\/wp-json\/wp\/v2\/categories?post=1216"},{"taxonomy":"post_tag","embeddable":true,"href":"https:\/\/ampacamilojosecela.es\/index.php\/wp-json\/wp\/v2\/tags?post=1216"}],"curies":[{"name":"wp","href":"https:\/\/api.w.org\/{rel}","templated":true}]}}