{"id":1204,"date":"2024-04-11T18:27:55","date_gmt":"2024-04-11T18:27:55","guid":{"rendered":"https:\/\/ampacamilojosecela.es\/?p=1204"},"modified":"2024-04-11T18:28:19","modified_gmt":"2024-04-11T18:28:19","slug":"dia-de-cole-abierto-3-mayo","status":"publish","type":"post","link":"https:\/\/ampacamilojosecela.es\/index.php\/2024\/04\/11\/dia-de-cole-abierto-3-mayo\/","title":{"rendered":"D\u00cdA DE COLE ABIERTO:  3 MAYO"},"content":{"rendered":"<p>[et_pb_section fb_built=\u00bb1&#8243; _builder_version=\u00bb4.19.4&#8243; _module_preset=\u00bbdefault\u00bb global_colors_info=\u00bb{}\u00bb][et_pb_row _builder_version=\u00bb4.19.4&#8243; _module_preset=\u00bbdefault\u00bb global_colors_info=\u00bb{}\u00bb][et_pb_column type=\u00bb4_4&#8243; _builder_version=\u00bb4.19.4&#8243; _module_preset=\u00bbdefault\u00bb global_colors_info=\u00bb{}\u00bb][et_pb_text _builder_version=\u00bb4.24.3&#8243; _module_preset=\u00bbdefault\u00bb hover_enabled=\u00bb0&#8243; global_colors_info=\u00bb{}\u00bb sticky_enabled=\u00bb0&#8243;]<\/p>\n<h3>ABIERTA LA INSCRIPCI\u00d3N AL D\u00cdA LABORABLE NO LECTIVO 3 DE MAYO<\/h3>\n<p>El pr\u00f3ximo 3 de mayo de 2024, es d\u00eda NO LECTIVO pero S\u00cd LABORABLE. Para cubrir las posibles necesidades de las familias el AMPA, a trav\u00e9s de la empresa FACEI S.L., ofrece la posibilidad de inscribir a los alumnos en esta JORNADA DE ESCUELA ABIERTA en las que los ni\u00f1os podr\u00e1n disfrutar, junto a sus compa\u00f1eros de colegio, de aventura, emoci\u00f3n y mucha diversi\u00f3n.<br \/>HORARIO: Ser\u00e1 de 9.00 a 17.00h, con ampliaci\u00f3n de horario (desde las 7.30h, desayuno incluido y con un incremento de 3\u20ac), siempre que haya alumnos que lo necesiten. PLAZO DE INSCRIPCI\u00d3N: Hasta el 26 de abril. \u00bfC\u00d3MO INSCRIBIRSE? A trav\u00e9s de la web de Facei (<a href=\"https:\/\/faceisl.com\/inscripciones\/\">en formularios<\/a>) o escribi\u00e9ndoles un correo electr\u00f3nico (<a href=\"mailto:info@faceisl.com\">info@faceisl.com<\/a>)<\/p>\n<p>INSCRIPCI\u00d3N A TRAV\u00c9S DEL SIGUIENTE ENLACE<\/p>\n<p><a href=\"https:\/\/faceisl.com\/inscripciones\/\">Inscripci\u00f3n a d\u00eda sin cole<\/a><\/p>\n<p>[\/et_pb_text][et_pb_button button_url=\u00bbhttps:\/\/ampacamilojosecela.es\/wp-content\/uploads\/2024\/04\/ESC.ABIERT.3-MAYO.24.Camilo.pdf\u00bb url_new_window=\u00bbon\u00bb button_text=\u00bbDescargar dossier informativo\u00bb _builder_version=\u00bb4.24.3&#8243; _module_preset=\u00bbdefault\u00bb hover_enabled=\u00bb0&#8243; global_colors_info=\u00bb{}\u00bb sticky_enabled=\u00bb0&#8243;][\/et_pb_button][\/et_pb_column][\/et_pb_row][\/et_pb_section]<\/p>\n","protected":false},"excerpt":{"rendered":"<p>ABIERTA LA INSCRIPCI\u00d3N AL D\u00cdA LABORABLE NO LECTIVO 3 DE MAYO El pr\u00f3ximo 3 de mayo de 2024, es d\u00eda NO LECTIVO pero S\u00cd LABORABLE. Para cubrir las posibles necesidades de las familias el AMPA, a trav\u00e9s de la empresa FACEI S.L., ofrece la posibilidad de inscribir a los alumnos en esta JORNADA DE ESCUELA [&hellip;]<\/p>\n","protected":false},"author":1,"featured_media":1206,"comment_status":"open","ping_status":"open","sticky":false,"template":"","format":"standard","meta":{"_et_pb_use_builder":"on","_et_pb_old_content":"","_et_gb_content_width":"1080","footnotes":""},"categories":[5],"tags":[],"class_list":["post-1204","post","type-post","status-publish","format-standard","has-post-thumbnail","hentry","category-ultimas-noticias"],"_links":{"self":[{"href":"https:\/\/ampacamilojosecela.es\/index.php\/wp-json\/wp\/v2\/posts\/1204","targetHints":{"allow":["GET"]}}],"collection":[{"href":"https:\/\/ampacamilojosecela.es\/index.php\/wp-json\/wp\/v2\/posts"}],"about":[{"href":"https:\/\/ampacamilojosecela.es\/index.php\/wp-json\/wp\/v2\/types\/post"}],"author":[{"embeddable":true,"href":"https:\/\/ampacamilojosecela.es\/index.php\/wp-json\/wp\/v2\/users\/1"}],"replies":[{"embeddable":true,"href":"https:\/\/ampacamilojosecela.es\/index.php\/wp-json\/wp\/v2\/comments?post=1204"}],"version-history":[{"count":3,"href":"https:\/\/ampacamilojosecela.es\/index.php\/wp-json\/wp\/v2\/posts\/1204\/revisions"}],"predecessor-version":[{"id":1210,"href":"https:\/\/ampacamilojosecela.es\/index.php\/wp-json\/wp\/v2\/posts\/1204\/revisions\/1210"}],"wp:featuredmedia":[{"embeddable":true,"href":"https:\/\/ampacamilojosecela.es\/index.php\/wp-json\/wp\/v2\/media\/1206"}],"wp:attachment":[{"href":"https:\/\/ampacamilojosecela.es\/index.php\/wp-json\/wp\/v2\/media?parent=1204"}],"wp:term":[{"taxonomy":"category","embeddable":true,"href":"https:\/\/ampacamilojosecela.es\/index.php\/wp-json\/wp\/v2\/categories?post=1204"},{"taxonomy":"post_tag","embeddable":true,"href":"https:\/\/ampacamilojosecela.es\/index.php\/wp-json\/wp\/v2\/tags?post=1204"}],"curies":[{"name":"wp","href":"https:\/\/api.w.org\/{rel}","templated":true}]}}