{"id":1191,"date":"2024-04-11T12:35:59","date_gmt":"2024-04-11T12:35:59","guid":{"rendered":"https:\/\/ampacamilojosecela.es\/?p=1191"},"modified":"2024-04-13T07:12:16","modified_gmt":"2024-04-13T07:12:16","slug":"__trashed","status":"publish","type":"post","link":"https:\/\/ampacamilojosecela.es\/index.php\/2024\/04\/11\/__trashed\/","title":{"rendered":"Doreamon y otros cuentos m\u00e1gicos. Semana del Libro"},"content":{"rendered":"<p>[et_pb_section fb_built=\u00bb1&#8243; _builder_version=\u00bb4.19.4&#8243; _module_preset=\u00bbdefault\u00bb global_colors_info=\u00bb{}\u00bb][et_pb_row _builder_version=\u00bb4.24.3&#8243; _module_preset=\u00bbdefault\u00bb custom_margin=\u00bb|auto|-17px|auto||\u00bb global_colors_info=\u00bb{}\u00bb][et_pb_column type=\u00bb4_4&#8243; _builder_version=\u00bb4.19.4&#8243; _module_preset=\u00bbdefault\u00bb global_colors_info=\u00bb{}\u00bb][et_pb_text _builder_version=\u00bb4.24.3&#8243; _module_preset=\u00bbdefault\u00bb custom_padding=\u00bb||1px|||\u00bb hover_enabled=\u00bb0&#8243; global_colors_info=\u00bb{}\u00bb sticky_enabled=\u00bb0&#8243;]<\/p>\n<p><img loading=\"lazy\" decoding=\"async\" src=\"https:\/\/ampacamilojosecela.es\/wp-content\/uploads\/2024\/04\/9658414-300x300.jpg\" width=\"300\" height=\"300\" alt=\"\" class=\"wp-image-1198 alignnone size-medium\" style=\"display: block; margin-left: auto; margin-right: auto;\" \/><\/p>\n<p>&nbsp;<\/p>\n<p>El pr\u00f3ximo 24 de abril el AMPA del Camilo queremos celebrar el D\u00eda del Libro compartiendo cuentos en vuestra compa\u00f1\u00eda. De la mano de Carmen, cuentacuentos oficial de la Librer\u00eda <a href=\"https:\/\/www.akiracomics.com\/\" target=\"_blank\" rel=\"noopener\">Akira C\u00f3mics<\/a>, vendr\u00e1n a vistarnos Brunilda y Bruno, El mago de oz, La-vaca-que-puso-un-huevo, La travesura del duende, La promesa del renacuajo, Don quijote, El drag\u00f3n de palabras, El drag\u00f3n chiflado, San Jordi, Darek y la ira, La vocecita, Las mentiras de Pinocho y Pedro y el lobo.<\/p>\n<p><span style=\"color: #ff0000;\">AFORO COMPLETO<\/span><\/p>\n<p><strong><\/strong><strong>Mi\u00e9rcoles, 24 de abril, 17:30, Sala de Psicomotricidad del colegio<\/strong><\/p>\n<p><strong>Recomendado para alumnado de 5 a 9 a\u00f1os. El aforo es limitado y las plazas se asignar\u00e1n por orden de inscripci\u00f3n, dando prioridad a las familias socias del AMPA.<\/strong><\/p>\n<p>Para disfrutar todos juntos y hacer m\u00e1s f\u00e1cil el trabajo de los profesionales, rogamos que las familias velen por que los ni\u00f1os mantengan orden durante la representaci\u00f3n, saliendo de la sala puntualmente si lo necesitan. Y <span>para que los peques aprovechen las plazas al m\u00e1ximo: solo un adulto por cada unidad familiar. \u00a1Nos lo pasaremos en grande, \u00a1os esperamos!<\/span><\/p>\n<p><strong><span style=\"color: #ff6600;\">Actividades como esta son posibles gracias a que somos m\u00e1s de 200 familias asociadas al AMPA. <a href=\"https:\/\/ampacamilojosecela.es\/index.php\/alta-de-socios\/\" target=\"_blank\" rel=\"noopener\">\u00a1Asoci\u00e1te aqu\u00ed t\u00fa tambi\u00e9n!<\/a><\/span><\/strong><\/p>\n<p><strong><span style=\"color: #ff6600;\"><\/span><\/strong><\/p>\n<p>[\/et_pb_text][\/et_pb_column][\/et_pb_row][\/et_pb_section]<\/p>\n","protected":false},"excerpt":{"rendered":"<p>&nbsp; El pr\u00f3ximo 24 de abril el AMPA del Camilo queremos celebrar el D\u00eda del Libro compartiendo cuentos en vuestra compa\u00f1\u00eda. De la mano de Carmen, cuentacuentos oficial de la Librer\u00eda Akira C\u00f3mics, vendr\u00e1n a vistarnos Brunilda y Bruno, El mago de oz, La-vaca-que-puso-un-huevo, La travesura del duende, La promesa del renacuajo, Don quijote, El [&hellip;]<\/p>\n","protected":false},"author":3,"featured_media":1198,"comment_status":"closed","ping_status":"closed","sticky":false,"template":"","format":"standard","meta":{"_et_pb_use_builder":"on","_et_pb_old_content":"","_et_gb_content_width":"","footnotes":""},"categories":[5],"tags":[],"class_list":["post-1191","post","type-post","status-publish","format-standard","has-post-thumbnail","hentry","category-ultimas-noticias"],"_links":{"self":[{"href":"https:\/\/ampacamilojosecela.es\/index.php\/wp-json\/wp\/v2\/posts\/1191","targetHints":{"allow":["GET"]}}],"collection":[{"href":"https:\/\/ampacamilojosecela.es\/index.php\/wp-json\/wp\/v2\/posts"}],"about":[{"href":"https:\/\/ampacamilojosecela.es\/index.php\/wp-json\/wp\/v2\/types\/post"}],"author":[{"embeddable":true,"href":"https:\/\/ampacamilojosecela.es\/index.php\/wp-json\/wp\/v2\/users\/3"}],"replies":[{"embeddable":true,"href":"https:\/\/ampacamilojosecela.es\/index.php\/wp-json\/wp\/v2\/comments?post=1191"}],"version-history":[{"count":10,"href":"https:\/\/ampacamilojosecela.es\/index.php\/wp-json\/wp\/v2\/posts\/1191\/revisions"}],"predecessor-version":[{"id":1223,"href":"https:\/\/ampacamilojosecela.es\/index.php\/wp-json\/wp\/v2\/posts\/1191\/revisions\/1223"}],"wp:featuredmedia":[{"embeddable":true,"href":"https:\/\/ampacamilojosecela.es\/index.php\/wp-json\/wp\/v2\/media\/1198"}],"wp:attachment":[{"href":"https:\/\/ampacamilojosecela.es\/index.php\/wp-json\/wp\/v2\/media?parent=1191"}],"wp:term":[{"taxonomy":"category","embeddable":true,"href":"https:\/\/ampacamilojosecela.es\/index.php\/wp-json\/wp\/v2\/categories?post=1191"},{"taxonomy":"post_tag","embeddable":true,"href":"https:\/\/ampacamilojosecela.es\/index.php\/wp-json\/wp\/v2\/tags?post=1191"}],"curies":[{"name":"wp","href":"https:\/\/api.w.org\/{rel}","templated":true}]}}