{"id":1160,"date":"2024-03-04T17:39:28","date_gmt":"2024-03-04T17:39:28","guid":{"rendered":"https:\/\/ampacamilojosecela.es\/?p=1160"},"modified":"2024-03-09T18:58:00","modified_gmt":"2024-03-09T18:58:00","slug":"palabras-de-ida-y-vuelta-cantos-y-cuentos-de-la-esquina-del-viento","status":"publish","type":"post","link":"https:\/\/ampacamilojosecela.es\/index.php\/2024\/03\/04\/palabras-de-ida-y-vuelta-cantos-y-cuentos-de-la-esquina-del-viento\/","title":{"rendered":"PALABRAS DE IDA Y VUELTA. Cantos y Cuentos de la esquina del Viento"},"content":{"rendered":"<p>[et_pb_section fb_built=\u00bb1&#8243; _builder_version=\u00bb4.19.4&#8243; _module_preset=\u00bbdefault\u00bb global_colors_info=\u00bb{}\u00bb][et_pb_row _builder_version=\u00bb4.19.4&#8243; _module_preset=\u00bbdefault\u00bb custom_margin=\u00bb|auto|-17px|auto||\u00bb global_colors_info=\u00bb{}\u00bb][et_pb_column type=\u00bb4_4&#8243; _builder_version=\u00bb4.19.4&#8243; _module_preset=\u00bbdefault\u00bb global_colors_info=\u00bb{}\u00bb][et_pb_text _builder_version=\u00bb4.21.0&#8243; _module_preset=\u00bbdefault\u00bb custom_padding=\u00bb||1px|||\u00bb hover_enabled=\u00bb0&#8243; global_colors_info=\u00bb{}\u00bb sticky_enabled=\u00bb0&#8243;]<\/p>\n<p><strong>PRIMIGENIUS, Educaci\u00f3n y Teatro<\/strong><\/p>\n<p>presenta<\/p>\n<p><strong>PALABRAS DE IDA Y VUELTA. <em>Cantos y Cuentos de la esquina del Viento<\/em><\/strong><\/p>\n<p>Espacio Esc\u00e9nico: Chimeneas simb\u00f3licas y reales para despertar el at\u00e1vico y \u00e1vido deseo de escuchar historias<\/p>\n<p>Sonido: Con un ukelele y una pandereta, voces a coro redondas como piruletas.<\/p>\n<p>Iluminaci\u00f3n: Chimeneas simb\u00f3licas y reales proporcionar\u00e1n una luz especial que nos iluminar\u00e1n los rostros felices como estrellas.<\/p>\n<p>Duraci\u00f3n: Unos 1000 parpadeos, 500 suspiros y 400 carcajadas&#8230; es decir, una hora aprox \u2026.<\/p>\n<p>Sinopsis: De vez en cuando de cuando en vez, frases y palabras juegan al rev\u00e9s. Historias que van, canciones que vienen. Y as\u00ed, viajando por todo el mundo, crecen y crecen, se reproducen y nunca mueren. Palabra viva, magia de la narraci\u00f3n oral: nunca un cuento se cuenta igual.<\/p>\n<p>&nbsp;<\/p>\n<p>&nbsp;<\/p>\n<p><img loading=\"lazy\" decoding=\"async\" src=\"https:\/\/ampacamilojosecela.es\/wp-content\/uploads\/2024\/02\/WhatsApp-Image-2023-11-23-at-20.18.05-300x209.jpeg\" width=\"388\" height=\"270\" alt=\"\" class=\"wp-image-1169 alignnone size-medium\" style=\"display: block; margin-left: auto; margin-right: auto;\" \/><\/p>\n<p><strong><\/strong><\/p>\n<p><strong>Jueves, 14 de marzo, 17:15, Sala de Psicomotricidad del colegio<\/strong><\/p>\n<p><strong>Dirigido a: alumnado de Educaci\u00f3n infantil, 1\u00ba y 2\u00ba de Primaria. El aforo es limitado y las plazas se asignar\u00e1n por orden de inscripci\u00f3n, dando prioridad a las familias socias del AMPA.<\/strong><\/p>\n<p>Para disfrutar todos juntos y hacer m\u00e1s f\u00e1cil el trabajo de los profesionales, rogamos que las familias velen por que los ni\u00f1os mantengan orden durante la representaci\u00f3n, saliendo de la sala puntualmente si lo necesitan. No est\u00e1 permitido comer en la sala.\u00a0 Y <span>para que los peques aprovechen las plazas al m\u00e1ximo: solo un adulto por cada unidad familiar. \u00a1Nos lo pasaremos en grande, \u00a1os esperamos!<\/span><\/p>\n<p><strong><span style=\"color: #ff6600;\">AFORO COMPLETO<\/span><\/strong><\/p>\n<p>[\/et_pb_text][\/et_pb_column][\/et_pb_row][\/et_pb_section]<\/p>\n","protected":false},"excerpt":{"rendered":"<p>PRIMIGENIUS, Educaci\u00f3n y Teatro presenta PALABRAS DE IDA Y VUELTA. Cantos y Cuentos de la esquina del Viento Espacio Esc\u00e9nico: Chimeneas simb\u00f3licas y reales para despertar el at\u00e1vico y \u00e1vido deseo de escuchar historias Sonido: Con un ukelele y una pandereta, voces a coro redondas como piruletas. Iluminaci\u00f3n: Chimeneas simb\u00f3licas y reales proporcionar\u00e1n una luz [&hellip;]<\/p>\n","protected":false},"author":1,"featured_media":1169,"comment_status":"closed","ping_status":"closed","sticky":false,"template":"","format":"standard","meta":{"_et_pb_use_builder":"on","_et_pb_old_content":"","_et_gb_content_width":"","footnotes":""},"categories":[5],"tags":[],"class_list":["post-1160","post","type-post","status-publish","format-standard","has-post-thumbnail","hentry","category-ultimas-noticias"],"_links":{"self":[{"href":"https:\/\/ampacamilojosecela.es\/index.php\/wp-json\/wp\/v2\/posts\/1160","targetHints":{"allow":["GET"]}}],"collection":[{"href":"https:\/\/ampacamilojosecela.es\/index.php\/wp-json\/wp\/v2\/posts"}],"about":[{"href":"https:\/\/ampacamilojosecela.es\/index.php\/wp-json\/wp\/v2\/types\/post"}],"author":[{"embeddable":true,"href":"https:\/\/ampacamilojosecela.es\/index.php\/wp-json\/wp\/v2\/users\/1"}],"replies":[{"embeddable":true,"href":"https:\/\/ampacamilojosecela.es\/index.php\/wp-json\/wp\/v2\/comments?post=1160"}],"version-history":[{"count":7,"href":"https:\/\/ampacamilojosecela.es\/index.php\/wp-json\/wp\/v2\/posts\/1160\/revisions"}],"predecessor-version":[{"id":1181,"href":"https:\/\/ampacamilojosecela.es\/index.php\/wp-json\/wp\/v2\/posts\/1160\/revisions\/1181"}],"wp:featuredmedia":[{"embeddable":true,"href":"https:\/\/ampacamilojosecela.es\/index.php\/wp-json\/wp\/v2\/media\/1169"}],"wp:attachment":[{"href":"https:\/\/ampacamilojosecela.es\/index.php\/wp-json\/wp\/v2\/media?parent=1160"}],"wp:term":[{"taxonomy":"category","embeddable":true,"href":"https:\/\/ampacamilojosecela.es\/index.php\/wp-json\/wp\/v2\/categories?post=1160"},{"taxonomy":"post_tag","embeddable":true,"href":"https:\/\/ampacamilojosecela.es\/index.php\/wp-json\/wp\/v2\/tags?post=1160"}],"curies":[{"name":"wp","href":"https:\/\/api.w.org\/{rel}","templated":true}]}}