{"id":1156,"date":"2024-02-26T13:27:06","date_gmt":"2024-02-26T13:27:06","guid":{"rendered":"https:\/\/ampacamilojosecela.es\/?p=1156"},"modified":"2024-02-26T13:27:07","modified_gmt":"2024-02-26T13:27:07","slug":"taller-de-ciencia-no-es-jamon-todo-lo-que-parece","status":"publish","type":"post","link":"https:\/\/ampacamilojosecela.es\/index.php\/2024\/02\/26\/taller-de-ciencia-no-es-jamon-todo-lo-que-parece\/","title":{"rendered":"Taller de Ciencia: \u00abNo es jam\u00f3n todo lo que parece\u00bb"},"content":{"rendered":"\n[et_pb_section fb_built=\u00bb1&#8243; _builder_version=\u00bb4.19.4&#8243; _module_preset=\u00bbdefault\u00bb global_colors_info=\u00bb{}\u00bb][et_pb_row _builder_version=\u00bb4.19.4&#8243; _module_preset=\u00bbdefault\u00bb global_colors_info=\u00bb{}\u00bb][et_pb_column type=\u00bb4_4&#8243; _builder_version=\u00bb4.19.4&#8243; _module_preset=\u00bbdefault\u00bb global_colors_info=\u00bb{}\u00bb][et_pb_text _builder_version=\u00bb4.21.0&#8243; _module_preset=\u00bbdefault\u00bb global_colors_info=\u00bb{}\u00bb]<p><strong>Taller de\u00a0 Ciencia \u00abNo es jam\u00f3n todo lo que parece\u00bb<\/strong><\/p>\n<p><strong>Viernes 8 de marzo, 17:30, aula del colegio por determinar.<\/strong><\/p>\n<p>Ser\u00e1 impartido por dos madres del cole, bioqu\u00edmicas dedicadas a la investigaci\u00f3n y la docencia.<\/p>\n<p>Viernes, 8 de marzo de 17.30 a 19:00h.<br \/>Para ni\u00f1@s a partir de 3\u00b0 Primaria. Aforo m\u00e1ximo 25 personas.<\/p>\n<p>\u00a0\u00a1Os esperamos!<\/p>[\/et_pb_text][dvppl_cf7_styler cf7=\u00bb55&#8243; _builder_version=\u00bb4.21.0&#8243; _module_preset=\u00bbdefault\u00bb hover_enabled=\u00bb0&#8243; global_colors_info=\u00bb{}\u00bb sticky_enabled=\u00bb0&#8243;][\/dvppl_cf7_styler][\/et_pb_column][\/et_pb_row][\/et_pb_section]\n","protected":false},"excerpt":{"rendered":"<p>Taller de\u00a0 Ciencia \u00abNo es jam\u00f3n todo lo que parece\u00bb Viernes 8 de marzo, 17:30, aula del colegio por determinar. Ser\u00e1 impartido por dos madres del cole, bioqu\u00edmicas dedicadas a la investigaci\u00f3n y la docencia. Viernes, 8 de marzo de 17.30 a 19:00h.Para ni\u00f1@s a partir de 3\u00b0 Primaria. Aforo m\u00e1ximo 25 personas. \u00a0\u00a1Os esperamos!<div class=\"et_pb_module dvppl_cf7_styler dvppl_cf7_styler_0\">\n\t\t\t\t\n\t\t\t\t\n\t\t\t\t\n\t\t\t\t\n\t\t\t\t\n\t\t\t\t\n\t\t\t\t<div class=\"et_pb_module_inner\">\n\t\t\t\t\t<div class=\"dipe-cf7-container dipe-cf7-button-left\">\n\t\t\t\t\n\t\t\t\t<div class=\"dipe-cf7 dipe-cf7-styler \">\n\t\t\t\t\t<p class=\"wpcf7-contact-form-not-found\"><strong>Error:<\/strong> Formulario de contacto no encontrado.<\/p>\n\t\t\t\t<\/div>\n\t\t\t<\/div>\n\t\t\t\t<\/div>\n\t\t\t<\/div><\/p>\n","protected":false},"author":1,"featured_media":1175,"comment_status":"closed","ping_status":"closed","sticky":false,"template":"","format":"standard","meta":{"_et_pb_use_builder":"on","_et_pb_old_content":"","_et_gb_content_width":"1080","footnotes":""},"categories":[5],"tags":[],"class_list":["post-1156","post","type-post","status-publish","format-standard","has-post-thumbnail","hentry","category-ultimas-noticias"],"_links":{"self":[{"href":"https:\/\/ampacamilojosecela.es\/index.php\/wp-json\/wp\/v2\/posts\/1156","targetHints":{"allow":["GET"]}}],"collection":[{"href":"https:\/\/ampacamilojosecela.es\/index.php\/wp-json\/wp\/v2\/posts"}],"about":[{"href":"https:\/\/ampacamilojosecela.es\/index.php\/wp-json\/wp\/v2\/types\/post"}],"author":[{"embeddable":true,"href":"https:\/\/ampacamilojosecela.es\/index.php\/wp-json\/wp\/v2\/users\/1"}],"replies":[{"embeddable":true,"href":"https:\/\/ampacamilojosecela.es\/index.php\/wp-json\/wp\/v2\/comments?post=1156"}],"version-history":[{"count":6,"href":"https:\/\/ampacamilojosecela.es\/index.php\/wp-json\/wp\/v2\/posts\/1156\/revisions"}],"predecessor-version":[{"id":1176,"href":"https:\/\/ampacamilojosecela.es\/index.php\/wp-json\/wp\/v2\/posts\/1156\/revisions\/1176"}],"wp:featuredmedia":[{"embeddable":true,"href":"https:\/\/ampacamilojosecela.es\/index.php\/wp-json\/wp\/v2\/media\/1175"}],"wp:attachment":[{"href":"https:\/\/ampacamilojosecela.es\/index.php\/wp-json\/wp\/v2\/media?parent=1156"}],"wp:term":[{"taxonomy":"category","embeddable":true,"href":"https:\/\/ampacamilojosecela.es\/index.php\/wp-json\/wp\/v2\/categories?post=1156"},{"taxonomy":"post_tag","embeddable":true,"href":"https:\/\/ampacamilojosecela.es\/index.php\/wp-json\/wp\/v2\/tags?post=1156"}],"curies":[{"name":"wp","href":"https:\/\/api.w.org\/{rel}","templated":true}]}}