{"id":1139,"date":"2024-02-20T16:29:29","date_gmt":"2024-02-20T16:29:29","guid":{"rendered":"https:\/\/ampacamilojosecela.es\/?p=1139"},"modified":"2024-02-20T16:29:46","modified_gmt":"2024-02-20T16:29:46","slug":"campamento-de-verano-con-tucutucu-con-pernocta","status":"publish","type":"post","link":"https:\/\/ampacamilojosecela.es\/index.php\/2024\/02\/20\/campamento-de-verano-con-tucutucu-con-pernocta\/","title":{"rendered":"Campamento de verano con Tucutucu (CON PERNOCTA)"},"content":{"rendered":"<p>[et_pb_section fb_built=\u00bb1&#8243; _builder_version=\u00bb4.19.4&#8243; _module_preset=\u00bbdefault\u00bb global_colors_info=\u00bb{}\u00bb theme_builder_area=\u00bbpost_content\u00bb][et_pb_row _builder_version=\u00bb4.19.4&#8243; _module_preset=\u00bbdefault\u00bb global_colors_info=\u00bb{}\u00bb theme_builder_area=\u00bbpost_content\u00bb][et_pb_column type=\u00bb4_4&#8243; _builder_version=\u00bb4.19.4&#8243; _module_preset=\u00bbdefault\u00bb global_colors_info=\u00bb{}\u00bb theme_builder_area=\u00bbpost_content\u00bb][et_pb_text _builder_version=\u00bb4.21.0&#8243; _module_preset=\u00bbdefault\u00bb hover_enabled=\u00bb0&#8243; global_colors_info=\u00bb{}\u00bb theme_builder_area=\u00bbpost_content\u00bb sticky_enabled=\u00bb0&#8243;]<\/p>\n<p><span>TUCUTUCU oferta su campamento de verano con pernocta<\/span><\/p>\n<p><span>Del 24 al 30 de Junio\u00a0 \u00a0o\u00a0 Del 1 al 10 de Julio en Albergue Palancares (Cuenca) todo incluido (Autob\u00fas desde IFEMA)<\/span><span><\/span><\/p>\n<p>Si necesit\u00e1is m\u00e1s informaci\u00f3n est\u00e1 toda disponible en nuestra web: <a href=\"https:\/\/infotucutucu.com\/campamentos\">https:\/\/infotucutucu.com\/campamentos<\/a><\/p>\n<p>Las plazas son limitadas .<\/p>\n<p>Los inscritos a nuestra actividad extraescolar tienen un descuento<\/p>\n<p>[\/et_pb_text][\/et_pb_column][\/et_pb_row][et_pb_row _builder_version=\u00bb4.21.0&#8243; _module_preset=\u00bbdefault\u00bb column_structure=\u00bb1_2,1_2&#8243; theme_builder_area=\u00bbpost_content\u00bb][et_pb_column _builder_version=\u00bb4.21.0&#8243; _module_preset=\u00bbdefault\u00bb type=\u00bb1_2&#8243; theme_builder_area=\u00bbpost_content\u00bb][et_pb_image src=\u00bbhttps:\/\/ampacamilojosecela.es\/wp-content\/uploads\/2024\/02\/WhatsApp-Image-2024-02-20-at-16.59.34.jpeg\u00bb _builder_version=\u00bb4.21.0&#8243; _module_preset=\u00bbdefault\u00bb theme_builder_area=\u00bbpost_content\u00bb title_text=\u00bbWhatsApp Image 2024-02-20 at 16.59.34&#8243; hover_enabled=\u00bb0&#8243; sticky_enabled=\u00bb0&#8243;][\/et_pb_image][\/et_pb_column][et_pb_column _builder_version=\u00bb4.21.0&#8243; _module_preset=\u00bbdefault\u00bb type=\u00bb1_2&#8243; theme_builder_area=\u00bbpost_content\u00bb][et_pb_image src=\u00bbhttps:\/\/ampacamilojosecela.es\/wp-content\/uploads\/2024\/02\/WhatsApp-Image-2024-02-20-at-16.59.33.jpeg\u00bb _builder_version=\u00bb4.21.0&#8243; _module_preset=\u00bbdefault\u00bb theme_builder_area=\u00bbpost_content\u00bb title_text=\u00bbWhatsApp Image 2024-02-20 at 16.59.33&#8243; hover_enabled=\u00bb0&#8243; sticky_enabled=\u00bb0&#8243;][\/et_pb_image][\/et_pb_column][\/et_pb_row][\/et_pb_section]<\/p>\n","protected":false},"excerpt":{"rendered":"<p>TUCUTUCU oferta su campamento de verano con pernocta Del 24 al 30 de Junio\u00a0 \u00a0o\u00a0 Del 1 al 10 de Julio en Albergue Palancares (Cuenca) todo incluido (Autob\u00fas desde IFEMA) Si necesit\u00e1is m\u00e1s informaci\u00f3n est\u00e1 toda disponible en nuestra web: https:\/\/infotucutucu.com\/campamentos Las plazas son limitadas . Los inscritos a nuestra actividad extraescolar tienen un descuento<\/p>\n","protected":false},"author":1,"featured_media":1140,"comment_status":"open","ping_status":"open","sticky":false,"template":"","format":"standard","meta":{"_et_pb_use_builder":"on","_et_pb_old_content":"","_et_gb_content_width":"","footnotes":""},"categories":[5],"tags":[],"class_list":["post-1139","post","type-post","status-publish","format-standard","has-post-thumbnail","hentry","category-ultimas-noticias"],"_links":{"self":[{"href":"https:\/\/ampacamilojosecela.es\/index.php\/wp-json\/wp\/v2\/posts\/1139","targetHints":{"allow":["GET"]}}],"collection":[{"href":"https:\/\/ampacamilojosecela.es\/index.php\/wp-json\/wp\/v2\/posts"}],"about":[{"href":"https:\/\/ampacamilojosecela.es\/index.php\/wp-json\/wp\/v2\/types\/post"}],"author":[{"embeddable":true,"href":"https:\/\/ampacamilojosecela.es\/index.php\/wp-json\/wp\/v2\/users\/1"}],"replies":[{"embeddable":true,"href":"https:\/\/ampacamilojosecela.es\/index.php\/wp-json\/wp\/v2\/comments?post=1139"}],"version-history":[{"count":4,"href":"https:\/\/ampacamilojosecela.es\/index.php\/wp-json\/wp\/v2\/posts\/1139\/revisions"}],"predecessor-version":[{"id":1145,"href":"https:\/\/ampacamilojosecela.es\/index.php\/wp-json\/wp\/v2\/posts\/1139\/revisions\/1145"}],"wp:featuredmedia":[{"embeddable":true,"href":"https:\/\/ampacamilojosecela.es\/index.php\/wp-json\/wp\/v2\/media\/1140"}],"wp:attachment":[{"href":"https:\/\/ampacamilojosecela.es\/index.php\/wp-json\/wp\/v2\/media?parent=1139"}],"wp:term":[{"taxonomy":"category","embeddable":true,"href":"https:\/\/ampacamilojosecela.es\/index.php\/wp-json\/wp\/v2\/categories?post=1139"},{"taxonomy":"post_tag","embeddable":true,"href":"https:\/\/ampacamilojosecela.es\/index.php\/wp-json\/wp\/v2\/tags?post=1139"}],"curies":[{"name":"wp","href":"https:\/\/api.w.org\/{rel}","templated":true}]}}