{"id":1119,"date":"2024-01-29T12:09:26","date_gmt":"2024-01-29T12:09:26","guid":{"rendered":"https:\/\/ampacamilojosecela.es\/?p=1119"},"modified":"2024-01-29T12:09:26","modified_gmt":"2024-01-29T12:09:26","slug":"abierta-inscripcion-dia-cole-abierto-22-y-23-febrero","status":"publish","type":"post","link":"https:\/\/ampacamilojosecela.es\/index.php\/2024\/01\/29\/abierta-inscripcion-dia-cole-abierto-22-y-23-febrero\/","title":{"rendered":"ABIERTA INSCRIPCI\u00d3N DIA COLE ABIERTO 22 y 23 FEBRERO"},"content":{"rendered":"<p>[et_pb_section fb_built=\u00bb1&#8243; _builder_version=\u00bb4.19.4&#8243; _module_preset=\u00bbdefault\u00bb global_colors_info=\u00bb{}\u00bb][et_pb_row _builder_version=\u00bb4.19.4&#8243; _module_preset=\u00bbdefault\u00bb global_colors_info=\u00bb{}\u00bb][et_pb_column type=\u00bb4_4&#8243; _builder_version=\u00bb4.19.4&#8243; _module_preset=\u00bbdefault\u00bb global_colors_info=\u00bb{}\u00bb][et_pb_text _builder_version=\u00bb4.21.0&#8243; _module_preset=\u00bbdefault\u00bb hover_enabled=\u00bb0&#8243; global_colors_info=\u00bb{}\u00bb sticky_enabled=\u00bb0&#8243;]<\/p>\n<div class=\"im_message_text\" dir=\"auto\"><strong>ABIERTA LA INSCRIPCI\u00d3N AL D\u00cdA LABORABLE NO LECTIVO 22 Y 23 DE FEBRERO<\/strong><\/div>\n<div class=\"im_message_text\" dir=\"auto\"><strong><\/strong><\/div>\n<div class=\"im_message_text\" dir=\"auto\">Los pr\u00f3ximos 22 y 23 de febrero (jueves y viernes) de 2024, son d\u00edas NO LECTIVOS pero S\u00cd LABORABLES. Para cubrir las posibles necesidades de las familias durante esos d\u00edas, la empresa FACEI S.L., ofrece la posibilidad de inscribir a los alumnos en estas JORNADAS DE ESCUELA ABIERTA en las que los ni\u00f1os podr\u00e1n disfrutar, junto a sus compa\u00f1eros de colegio, de aventura, emoci\u00f3n y mucha diversi\u00f3n.<\/div>\n<div class=\"im_message_text\" dir=\"auto\">HORARIO: Ser\u00e1 de 9.00 a 17.00h, con ampliaci\u00f3n de horario (desde las 7.30h, desayuno incluido y con un incremento de 3\u20ac), siempre que haya alumnos que lo necesiten.<br \/>DISTRIBUCI\u00d3N DEL TIEMPO Horarios:<br \/>07.30 h \u2013 09.00 h \u2013 Recepci\u00f3n de los ni\u00f1os (desayuno)<br \/>09.00 h \u2013 10.00 h \u2013 Actividades deportivas y l\u00fadicas\/Salida<br \/>10.00 h \u2013 10.30 h \u2013 Descanso y tentempi\u00e9<br \/>10.30 h \u2013 13.30 h \u2013 Juegos y talleres<br \/>13.30 h \u2013 14.30 h \u2013 Comida<br \/>14:30 h \u2013 16.30 h \u2013 Talleres, din\u00e1micas<br \/>16:30 h \u2013 17.00 h \u2013 Recogida de los ni\u00f1os<\/div>\n<div class=\"im_message_text\" dir=\"auto\"><\/div>\n<div class=\"im_message_text\" dir=\"auto\"><strong>PLAZOS DE INSCRIPCI\u00d3N:<\/strong><\/div>\n<div class=\"im_message_text\" dir=\"auto\"><span style=\"color: #ff0000;\">Fecha l\u00edmite 16 de FEBRERO<\/span><\/div>\n<p>[\/et_pb_text][et_pb_button button_url=\u00bbhttps:\/\/ampacamilojosecela.es\/wp-content\/uploads\/2024\/01\/ESC.ABIERT.-22-y-23-Febrero.-FL.pdf\u00bb url_new_window=\u00bbon\u00bb button_text=\u00bbDOSSIER DIA COLE ABIERTO -PRECIOS\u00bb _builder_version=\u00bb4.21.0&#8243; _module_preset=\u00bbdefault\u00bb hover_enabled=\u00bb0&#8243; global_colors_info=\u00bb{}\u00bb sticky_enabled=\u00bb0&#8243;][\/et_pb_button][et_pb_button button_url=\u00bbhttps:\/\/faceisl.com\/inscripciones\/\u00bb url_new_window=\u00bbon\u00bb button_text=\u00bbIR A FORMULARIO DE INSCRIPCI\u00d3N EN LA WEB DE FACEI\u00bb _builder_version=\u00bb4.21.0&#8243; _module_preset=\u00bbdefault\u00bb hover_enabled=\u00bb0&#8243; global_colors_info=\u00bb{}\u00bb sticky_enabled=\u00bb0&#8243;][\/et_pb_button][\/et_pb_column][\/et_pb_row][\/et_pb_section]<\/p>\n","protected":false},"excerpt":{"rendered":"<p>ABIERTA LA INSCRIPCI\u00d3N AL D\u00cdA LABORABLE NO LECTIVO 22 Y 23 DE FEBRERO Los pr\u00f3ximos 22 y 23 de febrero (jueves y viernes) de 2024, son d\u00edas NO LECTIVOS pero S\u00cd LABORABLES. Para cubrir las posibles necesidades de las familias durante esos d\u00edas, la empresa FACEI S.L., ofrece la posibilidad de inscribir a los alumnos [&hellip;]<\/p>\n","protected":false},"author":1,"featured_media":1117,"comment_status":"closed","ping_status":"closed","sticky":false,"template":"","format":"standard","meta":{"_et_pb_use_builder":"on","_et_pb_old_content":"","_et_gb_content_width":"1080","footnotes":""},"categories":[5],"tags":[],"class_list":["post-1119","post","type-post","status-publish","format-standard","has-post-thumbnail","hentry","category-ultimas-noticias"],"_links":{"self":[{"href":"https:\/\/ampacamilojosecela.es\/index.php\/wp-json\/wp\/v2\/posts\/1119","targetHints":{"allow":["GET"]}}],"collection":[{"href":"https:\/\/ampacamilojosecela.es\/index.php\/wp-json\/wp\/v2\/posts"}],"about":[{"href":"https:\/\/ampacamilojosecela.es\/index.php\/wp-json\/wp\/v2\/types\/post"}],"author":[{"embeddable":true,"href":"https:\/\/ampacamilojosecela.es\/index.php\/wp-json\/wp\/v2\/users\/1"}],"replies":[{"embeddable":true,"href":"https:\/\/ampacamilojosecela.es\/index.php\/wp-json\/wp\/v2\/comments?post=1119"}],"version-history":[{"count":5,"href":"https:\/\/ampacamilojosecela.es\/index.php\/wp-json\/wp\/v2\/posts\/1119\/revisions"}],"predecessor-version":[{"id":1124,"href":"https:\/\/ampacamilojosecela.es\/index.php\/wp-json\/wp\/v2\/posts\/1119\/revisions\/1124"}],"wp:featuredmedia":[{"embeddable":true,"href":"https:\/\/ampacamilojosecela.es\/index.php\/wp-json\/wp\/v2\/media\/1117"}],"wp:attachment":[{"href":"https:\/\/ampacamilojosecela.es\/index.php\/wp-json\/wp\/v2\/media?parent=1119"}],"wp:term":[{"taxonomy":"category","embeddable":true,"href":"https:\/\/ampacamilojosecela.es\/index.php\/wp-json\/wp\/v2\/categories?post=1119"},{"taxonomy":"post_tag","embeddable":true,"href":"https:\/\/ampacamilojosecela.es\/index.php\/wp-json\/wp\/v2\/tags?post=1119"}],"curies":[{"name":"wp","href":"https:\/\/api.w.org\/{rel}","templated":true}]}}