{"id":1102,"date":"2024-01-25T19:12:09","date_gmt":"2024-01-25T19:12:09","guid":{"rendered":"https:\/\/ampacamilojosecela.es\/?p=1102"},"modified":"2024-01-25T20:09:12","modified_gmt":"2024-01-25T20:09:12","slug":"renovacion-coleccion-de-libros-de-biblioteca-curso-23-24","status":"publish","type":"post","link":"https:\/\/ampacamilojosecela.es\/index.php\/2024\/01\/25\/renovacion-coleccion-de-libros-de-biblioteca-curso-23-24\/","title":{"rendered":"RENOVACI\u00d3N COLECCI\u00d3N DE LIBROS DE BIBLIOTECA CURSO 23\/24"},"content":{"rendered":"<p>[et_pb_section fb_built=\u00bb1&#8243; _builder_version=\u00bb4.19.4&#8243; _module_preset=\u00bbdefault\u00bb global_colors_info=\u00bb{}\u00bb][et_pb_row _builder_version=\u00bb4.19.4&#8243; _module_preset=\u00bbdefault\u00bb global_colors_info=\u00bb{}\u00bb][et_pb_column type=\u00bb4_4&#8243; _builder_version=\u00bb4.19.4&#8243; _module_preset=\u00bbdefault\u00bb global_colors_info=\u00bb{}\u00bb][et_pb_text _builder_version=\u00bb4.21.0&#8243; _module_preset=\u00bbdefault\u00bb hover_enabled=\u00bb0&#8243; global_colors_info=\u00bb{}\u00bb sticky_enabled=\u00bb0&#8243;]<\/p>\n<p>Como muchos ya sab\u00e9is,\u00a0 en el AMPA del Camilo estamos trabajando desde hace meses para intentar mejorar la biblioteca del colegio. En este sentido, el pasado mes de noviembre realizamos una adquisici\u00f3n importante de libros para renovar y completar la colecci\u00f3n, y quer\u00edamos compartirlo con vosotros.<\/p>\n<p>\u00a0La selecci\u00f3n de los t\u00edtulos se realiz\u00f3 en colaboraci\u00f3n con Beatriz, la profesora encargada de la biblioteca, a la que queremos agradecer su disposici\u00f3n y el trabajo extra que ha tenido las \u00faltimas semanas catalogando los nuevos libros. Hemos pretendido reponer los ejemplares m\u00e1s prestados y\/o deteriorados, as\u00ed como algunas novedades que no estaban en la colecci\u00f3n, haciendo hincapi\u00e9 en los c\u00f3mics, e intentando cubrir distintas edades. Esto ha sido solo un comienzo y todav\u00eda podr\u00eda completarse m\u00e1s y mejor la colecci\u00f3n (la tarea de formar una buena biblioteca nunca se acaba).<\/p>\n<p>&nbsp;<\/p>\n<p>Si quer\u00e9is consultar el listado completo de los libros adquiridos pod\u00e9is hacerlo <a href=\"https:\/\/ampacamilojosecela.es\/wp-content\/uploads\/2024\/01\/ADQUISION-BIBLIOGRAFICA-BIBLIOTECA-CEIP-CAMILO-JOSE-CELA-2023-2024.xlsx\"><strong>aqu\u00ed<\/strong><\/a>. Todos han sido comprados en Papeler\u00eda Luna, situada en los alrededores del colegio, para fomentar el comercio local del barrio.<\/p>\n<p>&nbsp;<\/p>\n<p>Los nuevos t\u00edtulos estar\u00e1n disponibles a partir del lunes 29 para todo el alumnado del cole. Os recordamos que, fuera del horario escolar, <strong>la biblioteca del centro permanece abierta los lunes de 16:05 a 17.30 y los martes de 16 a 16:25.<\/strong>\u00a0 Como os contamos en su d\u00eda, los miembros de la Junta del AMPA nos hemos comprometido a abrir la biblioteca los lunes de 16.30 a 17:30, permitiendo as\u00ed que el alumnado que tiene extraescolares pueda tambi\u00e9n hacer uso de la biblioteca fuera del horario escolar. Podemos deciros que la iniciativa est\u00e1 siendo un \u00e9xito y que no paramos de prestar libros en ese rato.<\/p>\n<p>&nbsp;<\/p>\n<p>Queremos dar las gracias a todas las familias socias del AMPA por formar parte de la asociaci\u00f3n y posibilitar con ello iniciativas como esta y, por supuesto, a las ni\u00f1as y ni\u00f1os lectores del cole que hacen uso de la biblioteca y que la mantienen viva.<\/p>\n<p>[\/et_pb_text][et_pb_button button_url=\u00bbhttps:\/\/ampacamilojosecela.es\/wp-content\/uploads\/2024\/01\/ADQUISION-BIBLIOGRAFICA-BIBLIOTECA-CEIP-CAMILO-JOSE-CELA-2023-2024.xlsx\u00bb url_new_window=\u00bbon\u00bb button_text=\u00bbDESCARGA AQU\u00cd EL LISTADO COMPLETO DE LOS NUEVOS LIBROS EN EXCELL\u00bb _builder_version=\u00bb4.21.0&#8243; _module_preset=\u00bbdefault\u00bb global_colors_info=\u00bb{}\u00bb][\/et_pb_button][\/et_pb_column][\/et_pb_row][et_pb_row column_structure=\u00bb1_2,1_2&#8243; _builder_version=\u00bb4.21.0&#8243; _module_preset=\u00bbdefault\u00bb global_colors_info=\u00bb{}\u00bb][et_pb_column type=\u00bb1_2&#8243; _builder_version=\u00bb4.21.0&#8243; _module_preset=\u00bbdefault\u00bb global_colors_info=\u00bb{}\u00bb][et_pb_image src=\u00bbhttps:\/\/ampacamilojosecela.es\/wp-content\/uploads\/2024\/01\/WhatsApp-Image-2024-01-25-at-15.55.26-1.jpeg\u00bb title_text=\u00bbWhatsApp Image 2024-01-25 at 15.55.26 (1)\u00bb _builder_version=\u00bb4.21.0&#8243; _module_preset=\u00bbdefault\u00bb global_colors_info=\u00bb{}\u00bb][\/et_pb_image][\/et_pb_column][et_pb_column type=\u00bb1_2&#8243; _builder_version=\u00bb4.21.0&#8243; _module_preset=\u00bbdefault\u00bb global_colors_info=\u00bb{}\u00bb][et_pb_image src=\u00bbhttps:\/\/ampacamilojosecela.es\/wp-content\/uploads\/2024\/01\/WhatsApp-Image-2024-01-25-at-15.55.25.jpeg\u00bb title_text=\u00bbWhatsApp Image 2024-01-25 at 15.55.25&#8243; _builder_version=\u00bb4.21.0&#8243; _module_preset=\u00bbdefault\u00bb global_colors_info=\u00bb{}\u00bb][\/et_pb_image][\/et_pb_column][\/et_pb_row][et_pb_row column_structure=\u00bb1_2,1_2&#8243; _builder_version=\u00bb4.21.0&#8243; _module_preset=\u00bbdefault\u00bb global_colors_info=\u00bb{}\u00bb][et_pb_column type=\u00bb1_2&#8243; _builder_version=\u00bb4.21.0&#8243; _module_preset=\u00bbdefault\u00bb global_colors_info=\u00bb{}\u00bb][et_pb_image src=\u00bbhttps:\/\/ampacamilojosecela.es\/wp-content\/uploads\/2024\/01\/WhatsApp-Image-2024-01-25-at-15.55.26.jpeg\u00bb title_text=\u00bbWhatsApp Image 2024-01-25 at 15.55.26&#8243; _builder_version=\u00bb4.21.0&#8243; _module_preset=\u00bbdefault\u00bb global_colors_info=\u00bb{}\u00bb][\/et_pb_image][\/et_pb_column][et_pb_column type=\u00bb1_2&#8243; _builder_version=\u00bb4.21.0&#8243; _module_preset=\u00bbdefault\u00bb global_colors_info=\u00bb{}\u00bb][et_pb_image src=\u00bbhttps:\/\/ampacamilojosecela.es\/wp-content\/uploads\/2024\/01\/WhatsApp-Image-2024-01-25-at-15.55.26-2-1.jpeg\u00bb title_text=\u00bbWhatsApp Image 2024-01-25 at 15.55.26 (2)\u00bb _builder_version=\u00bb4.21.0&#8243; _module_preset=\u00bbdefault\u00bb global_colors_info=\u00bb{}\u00bb][\/et_pb_image][\/et_pb_column][\/et_pb_row][\/et_pb_section]<\/p>\n","protected":false},"excerpt":{"rendered":"<p>Como muchos ya sab\u00e9is,\u00a0 en el AMPA del Camilo estamos trabajando desde hace meses para intentar mejorar la biblioteca del colegio. En este sentido, el pasado mes de noviembre realizamos una adquisici\u00f3n importante de libros para renovar y completar la colecci\u00f3n, y quer\u00edamos compartirlo con vosotros. \u00a0La selecci\u00f3n de los t\u00edtulos se realiz\u00f3 en colaboraci\u00f3n [&hellip;]<\/p>\n","protected":false},"author":1,"featured_media":1106,"comment_status":"closed","ping_status":"closed","sticky":false,"template":"","format":"standard","meta":{"_et_pb_use_builder":"on","_et_pb_old_content":"","_et_gb_content_width":"1080","footnotes":""},"categories":[5],"tags":[],"class_list":["post-1102","post","type-post","status-publish","format-standard","has-post-thumbnail","hentry","category-ultimas-noticias"],"_links":{"self":[{"href":"https:\/\/ampacamilojosecela.es\/index.php\/wp-json\/wp\/v2\/posts\/1102","targetHints":{"allow":["GET"]}}],"collection":[{"href":"https:\/\/ampacamilojosecela.es\/index.php\/wp-json\/wp\/v2\/posts"}],"about":[{"href":"https:\/\/ampacamilojosecela.es\/index.php\/wp-json\/wp\/v2\/types\/post"}],"author":[{"embeddable":true,"href":"https:\/\/ampacamilojosecela.es\/index.php\/wp-json\/wp\/v2\/users\/1"}],"replies":[{"embeddable":true,"href":"https:\/\/ampacamilojosecela.es\/index.php\/wp-json\/wp\/v2\/comments?post=1102"}],"version-history":[{"count":5,"href":"https:\/\/ampacamilojosecela.es\/index.php\/wp-json\/wp\/v2\/posts\/1102\/revisions"}],"predecessor-version":[{"id":1114,"href":"https:\/\/ampacamilojosecela.es\/index.php\/wp-json\/wp\/v2\/posts\/1102\/revisions\/1114"}],"wp:featuredmedia":[{"embeddable":true,"href":"https:\/\/ampacamilojosecela.es\/index.php\/wp-json\/wp\/v2\/media\/1106"}],"wp:attachment":[{"href":"https:\/\/ampacamilojosecela.es\/index.php\/wp-json\/wp\/v2\/media?parent=1102"}],"wp:term":[{"taxonomy":"category","embeddable":true,"href":"https:\/\/ampacamilojosecela.es\/index.php\/wp-json\/wp\/v2\/categories?post=1102"},{"taxonomy":"post_tag","embeddable":true,"href":"https:\/\/ampacamilojosecela.es\/index.php\/wp-json\/wp\/v2\/tags?post=1102"}],"curies":[{"name":"wp","href":"https:\/\/api.w.org\/{rel}","templated":true}]}}