{"id":1086,"date":"2024-01-15T12:38:16","date_gmt":"2024-01-15T12:38:16","guid":{"rendered":"https:\/\/ampacamilojosecela.es\/?p=1086"},"modified":"2024-01-15T12:38:16","modified_gmt":"2024-01-15T12:38:16","slug":"taller-presencial-viernes-26-de-enero-17-30-familias-conectadas","status":"publish","type":"post","link":"https:\/\/ampacamilojosecela.es\/index.php\/2024\/01\/15\/taller-presencial-viernes-26-de-enero-17-30-familias-conectadas\/","title":{"rendered":"Taller Presencial VIERNES 26 de Enero 17.30 :Familias Conectadas"},"content":{"rendered":"\n[et_pb_section fb_built=\u00bb1&#8243; _builder_version=\u00bb4.19.4&#8243; _module_preset=\u00bbdefault\u00bb global_colors_info=\u00bb{}\u00bb][et_pb_row _builder_version=\u00bb4.19.4&#8243; _module_preset=\u00bbdefault\u00bb global_colors_info=\u00bb{}\u00bb][et_pb_column type=\u00bb4_4&#8243; _builder_version=\u00bb4.19.4&#8243; _module_preset=\u00bbdefault\u00bb global_colors_info=\u00bb{}\u00bb][et_pb_text _builder_version=\u00bb4.21.0&#8243; _module_preset=\u00bbdefault\u00bb global_colors_info=\u00bb{}\u00bb]<p>Taller \u00abFamilias conectadas: herramientas para mejorar la comunicaci\u00f3n con tus hij@s\u00bb.<\/p>\n<p>Viernes 26 de enero, 17:30<\/p>\n<p>Estimadas familias,<\/p>\n<p>El pr\u00f3ximo viernes 26 Victoria Molinari, mam\u00e1 del Camilo, psic\u00f3loga y miembro del Consejo Escolar nos ofrecer\u00e1 un taller en el que hablaremos sobre t\u00e9cnicas de comunicaci\u00f3n con nuestros hijos, s\u00f3mo abordar el di\u00e1logo en familia y mejorar la comunicaci\u00f3n, una cuesti\u00f3n que a menudo plantea dificultades.<br \/>Como en otras ocasiones, contaremos con servicio de guarder\u00eda para que pod\u00e1is dejar a los peques mientras particip\u00e1is en el taller. Las plazas son limitadas y es necesario inscribirse aqu\u00ed:<\/p>\n<p>\u00a1Os esperamos!<\/p>[\/et_pb_text][dvppl_cf7_styler _builder_version=\u00bb4.21.0&#8243; _module_preset=\u00bbdefault\u00bb cf7=\u00bb55&#8243; hover_enabled=\u00bb0&#8243; sticky_enabled=\u00bb0&#8243;][\/dvppl_cf7_styler][\/et_pb_column][\/et_pb_row][\/et_pb_section]\n","protected":false},"excerpt":{"rendered":"<p>Taller \u00abFamilias conectadas: herramientas para mejorar la comunicaci\u00f3n con tus hij@s\u00bb. Viernes 26 de enero, 17:30 Estimadas familias, El pr\u00f3ximo viernes 26 Victoria Molinari, mam\u00e1 del Camilo, psic\u00f3loga y miembro del Consejo Escolar nos ofrecer\u00e1 un taller en el que hablaremos sobre t\u00e9cnicas de comunicaci\u00f3n con nuestros hijos, s\u00f3mo abordar el di\u00e1logo en familia y [&hellip;]<\/p>\n","protected":false},"author":1,"featured_media":1087,"comment_status":"closed","ping_status":"closed","sticky":false,"template":"","format":"standard","meta":{"_et_pb_use_builder":"on","_et_pb_old_content":"","_et_gb_content_width":"1080","footnotes":""},"categories":[5],"tags":[],"class_list":["post-1086","post","type-post","status-publish","format-standard","has-post-thumbnail","hentry","category-ultimas-noticias"],"_links":{"self":[{"href":"https:\/\/ampacamilojosecela.es\/index.php\/wp-json\/wp\/v2\/posts\/1086","targetHints":{"allow":["GET"]}}],"collection":[{"href":"https:\/\/ampacamilojosecela.es\/index.php\/wp-json\/wp\/v2\/posts"}],"about":[{"href":"https:\/\/ampacamilojosecela.es\/index.php\/wp-json\/wp\/v2\/types\/post"}],"author":[{"embeddable":true,"href":"https:\/\/ampacamilojosecela.es\/index.php\/wp-json\/wp\/v2\/users\/1"}],"replies":[{"embeddable":true,"href":"https:\/\/ampacamilojosecela.es\/index.php\/wp-json\/wp\/v2\/comments?post=1086"}],"version-history":[{"count":4,"href":"https:\/\/ampacamilojosecela.es\/index.php\/wp-json\/wp\/v2\/posts\/1086\/revisions"}],"predecessor-version":[{"id":1092,"href":"https:\/\/ampacamilojosecela.es\/index.php\/wp-json\/wp\/v2\/posts\/1086\/revisions\/1092"}],"wp:featuredmedia":[{"embeddable":true,"href":"https:\/\/ampacamilojosecela.es\/index.php\/wp-json\/wp\/v2\/media\/1087"}],"wp:attachment":[{"href":"https:\/\/ampacamilojosecela.es\/index.php\/wp-json\/wp\/v2\/media?parent=1086"}],"wp:term":[{"taxonomy":"category","embeddable":true,"href":"https:\/\/ampacamilojosecela.es\/index.php\/wp-json\/wp\/v2\/categories?post=1086"},{"taxonomy":"post_tag","embeddable":true,"href":"https:\/\/ampacamilojosecela.es\/index.php\/wp-json\/wp\/v2\/tags?post=1086"}],"curies":[{"name":"wp","href":"https:\/\/api.w.org\/{rel}","templated":true}]}}