{"id":1071,"date":"2023-12-04T17:55:34","date_gmt":"2023-12-04T17:55:34","guid":{"rendered":"https:\/\/ampacamilojosecela.es\/?p=1071"},"modified":"2023-12-04T17:55:34","modified_gmt":"2023-12-04T17:55:34","slug":"operacion-kilo-del-11-al-14-diciembre","status":"publish","type":"post","link":"https:\/\/ampacamilojosecela.es\/index.php\/2023\/12\/04\/operacion-kilo-del-11-al-14-diciembre\/","title":{"rendered":"OPERACI\u00d3N KILO DEL 11 AL 14 DICIEMBRE"},"content":{"rendered":"<p>[et_pb_section fb_built=\u00bb1&#8243; _builder_version=\u00bb4.19.4&#8243; _module_preset=\u00bbdefault\u00bb global_colors_info=\u00bb{}\u00bb][et_pb_row _builder_version=\u00bb4.19.4&#8243; _module_preset=\u00bbdefault\u00bb global_colors_info=\u00bb{}\u00bb][et_pb_column type=\u00bb4_4&#8243; _builder_version=\u00bb4.19.4&#8243; _module_preset=\u00bbdefault\u00bb global_colors_info=\u00bb{}\u00bb][et_pb_text _builder_version=\u00bb4.21.0&#8243; _module_preset=\u00bbdefault\u00bb hover_enabled=\u00bb0&#8243; sticky_enabled=\u00bb0&#8243;]<\/p>\n<p><span>Estimadas familias, <\/span><\/p>\n<p><span>\u00a0<\/span><\/p>\n<p><span>El AMPA del Camilo hemos organizado una recolecta de alimentos que se donar\u00e1 al <a href=\"https:\/\/bamadrid.org\/sobre-nosotros\/quienes-somos\/\">Banco de Alimentos de Madrid<\/a>, que proceder\u00e1 a su distribuci\u00f3n gratuita entre personas en pobreza o riesgo de exclusi\u00f3n social de la Comunidad de Madrid, a trav\u00e9s de entidades ben\u00e9ficas legalmente reconocidas, promoviendo as\u00ed la econom\u00eda circular. Los alimentos se recoger\u00e1n en nuestro colegio entre el <strong>11 y el 14 de diciembre<\/strong>, deposit\u00e1ndose en las mesas que habr\u00e1 colocadas en la entrada principal.<\/span><\/p>\n<p><span>\u00a0<\/span><\/p>\n<p><span>\u00a0<\/span><\/p>\n<p><span>En la actualidad las necesidades m\u00e1s urgentes son por este orden:<\/span><\/p>\n<ul>\n<li><span> Aceite<\/span><\/li>\n<li><span> Leche<\/span><\/li>\n<li><span> Conservas en lata (at\u00fan, sardinas, vegetales, tomate,&#8230;)<\/span><\/li>\n<li><span> Alimentos infantiles<\/span><\/li>\n<li><span> Legumbres<\/span><\/li>\n<li><span> Harina<\/span><\/li>\n<li><span> Az\u00facar<\/span><\/li>\n<li><span> Cualquier otro producto no perecedero tambi\u00e9n ser\u00e1 \u00fatil.<\/span>\u00a0<\/li>\n<\/ul>\n<p><span>\u00a0<\/span><\/p>\n<p><span>Aunque la Navidad es una \u00e9poca especialmente propicia para llevar a cabo estas acciones, recordamos que tanto el Banco de alimentos (que admite tambi\u00e9n donativos en l\u00ednea) como otras iniciativas similares (Despensa solidaria de La piluka, en el Barrio del Pilar, por ejemplo), trabajan en esta l\u00ednea durante todo el a\u00f1o.<\/span><\/p>\n<h2>Pensamos que adem\u00e1s es una buena oportunidad de hacer tomar consciencia a nuestros peques de problem\u00e1ticas sociales, yendo con ell@as a comprar y a depositar los productos.<\/h2>\n<p><span>\u00a0<\/span><\/p>\n<p><span>Os agradecemos a todos vuestra colaboraci\u00f3n. Vamos a marcarnos el reto de obtener una gran participaci\u00f3n de todas las familias del Camilo en este evento.<\/span><\/p>\n<p>[\/et_pb_text][\/et_pb_column][\/et_pb_row][\/et_pb_section]<\/p>\n","protected":false},"excerpt":{"rendered":"<p>Estimadas familias, \u00a0 El AMPA del Camilo hemos organizado una recolecta de alimentos que se donar\u00e1 al Banco de Alimentos de Madrid, que proceder\u00e1 a su distribuci\u00f3n gratuita entre personas en pobreza o riesgo de exclusi\u00f3n social de la Comunidad de Madrid, a trav\u00e9s de entidades ben\u00e9ficas legalmente reconocidas, promoviendo as\u00ed la econom\u00eda circular. Los [&hellip;]<\/p>\n","protected":false},"author":3,"featured_media":1076,"comment_status":"closed","ping_status":"closed","sticky":false,"template":"","format":"standard","meta":{"_et_pb_use_builder":"on","_et_pb_old_content":"","_et_gb_content_width":"1080","footnotes":""},"categories":[5],"tags":[],"class_list":["post-1071","post","type-post","status-publish","format-standard","has-post-thumbnail","hentry","category-ultimas-noticias"],"_links":{"self":[{"href":"https:\/\/ampacamilojosecela.es\/index.php\/wp-json\/wp\/v2\/posts\/1071","targetHints":{"allow":["GET"]}}],"collection":[{"href":"https:\/\/ampacamilojosecela.es\/index.php\/wp-json\/wp\/v2\/posts"}],"about":[{"href":"https:\/\/ampacamilojosecela.es\/index.php\/wp-json\/wp\/v2\/types\/post"}],"author":[{"embeddable":true,"href":"https:\/\/ampacamilojosecela.es\/index.php\/wp-json\/wp\/v2\/users\/3"}],"replies":[{"embeddable":true,"href":"https:\/\/ampacamilojosecela.es\/index.php\/wp-json\/wp\/v2\/comments?post=1071"}],"version-history":[{"count":2,"href":"https:\/\/ampacamilojosecela.es\/index.php\/wp-json\/wp\/v2\/posts\/1071\/revisions"}],"predecessor-version":[{"id":1077,"href":"https:\/\/ampacamilojosecela.es\/index.php\/wp-json\/wp\/v2\/posts\/1071\/revisions\/1077"}],"wp:featuredmedia":[{"embeddable":true,"href":"https:\/\/ampacamilojosecela.es\/index.php\/wp-json\/wp\/v2\/media\/1076"}],"wp:attachment":[{"href":"https:\/\/ampacamilojosecela.es\/index.php\/wp-json\/wp\/v2\/media?parent=1071"}],"wp:term":[{"taxonomy":"category","embeddable":true,"href":"https:\/\/ampacamilojosecela.es\/index.php\/wp-json\/wp\/v2\/categories?post=1071"},{"taxonomy":"post_tag","embeddable":true,"href":"https:\/\/ampacamilojosecela.es\/index.php\/wp-json\/wp\/v2\/tags?post=1071"}],"curies":[{"name":"wp","href":"https:\/\/api.w.org\/{rel}","templated":true}]}}