{"id":1052,"date":"2023-11-23T18:24:22","date_gmt":"2023-11-23T18:24:22","guid":{"rendered":"https:\/\/ampacamilojosecela.es\/?p=1052"},"modified":"2023-11-23T20:44:26","modified_gmt":"2023-11-23T20:44:26","slug":"abierto-plazo-de-inscripcion-a-campamento-de-navidad-urban-camp","status":"publish","type":"post","link":"https:\/\/ampacamilojosecela.es\/index.php\/2023\/11\/23\/abierto-plazo-de-inscripcion-a-campamento-de-navidad-urban-camp\/","title":{"rendered":"ABIERTO Plazo de Inscripci\u00f3n a Campamento de Navidad (URBAN CAMP)"},"content":{"rendered":"<p>[et_pb_section fb_built=\u00bb1&#8243; _builder_version=\u00bb4.19.4&#8243; _module_preset=\u00bbdefault\u00bb global_colors_info=\u00bb{}\u00bb][et_pb_row _builder_version=\u00bb4.19.4&#8243; _module_preset=\u00bbdefault\u00bb custom_margin=\u00bb|auto|-17px|auto||\u00bb global_colors_info=\u00bb{}\u00bb][et_pb_column type=\u00bb4_4&#8243; _builder_version=\u00bb4.19.4&#8243; _module_preset=\u00bbdefault\u00bb global_colors_info=\u00bb{}\u00bb][et_pb_text _builder_version=\u00bb4.19.4&#8243; _module_preset=\u00bbdefault\u00bb custom_padding=\u00bb||0px|||\u00bb global_colors_info=\u00bb{}\u00bb]<\/p>\n<p><b>Abierto plazo de inscripci\u00f3n<\/b><\/p>\n<p><b><\/b><\/p>\n<p>[\/et_pb_text][et_pb_button button_url=\u00bbhttps:\/\/ampacamilojosecela.es\/wp-content\/uploads\/2023\/11\/Infor.-CAMP-URB-Navidad-23-24_CAMILO.pdf\u00bb button_text=\u00bbDescargar dossier de Campamentos de Navidad 23-24&#8243; _builder_version=\u00bb4.21.0&#8243; _module_preset=\u00bbdefault\u00bb global_colors_info=\u00bb{}\u00bb][\/et_pb_button][\/et_pb_column][\/et_pb_row][et_pb_row _builder_version=\u00bb4.19.4&#8243; _module_preset=\u00bbdefault\u00bb global_colors_info=\u00bb{}\u00bb][et_pb_column type=\u00bb4_4&#8243; _builder_version=\u00bb4.19.4&#8243; _module_preset=\u00bbdefault\u00bb global_colors_info=\u00bb{}\u00bb][et_pb_text _builder_version=\u00bb4.21.0&#8243; _module_preset=\u00bbdefault\u00bb hover_enabled=\u00bb0&#8243; sticky_enabled=\u00bb0&#8243;]<\/p>\n<p>Inscribe a nuestros campamentos a trav\u00e9s de la p\u00e1gina web de FACEI en el siguiente enlace:<\/p>\n<p>CAMPAMENTO DE NAVIDAD<\/p>\n<p><a href=\"https:\/\/faceisl.playoffinformatica.com\/actividad\/23\/CAMPAMENTO-DE-NAVIDAD-LA-NAVIDAD-DE-TUS-SUENOS-2023\/\">https:\/\/faceisl.playoffinformatica.com\/actividad\/23\/CAMPAMENTO-DE-NAVIDAD-LA-NAVIDAD-DE-TUS-SUENOS-2023\/<\/a><\/p>\n<p>CAMPAMENTO DEPORTIVO DE NAVIDAD<\/p>\n<p><a href=\"https:\/\/faceisl.playoffinformatica.com\/actividad\/24\/CAMPUS-DEPORTIVO-NAVIDENO-2023-2024\/\">https:\/\/faceisl.playoffinformatica.com\/actividad\/24\/CAMPUS-DEPORTIVO-NAVIDENO-2023-2024\/<\/a><\/p>\n<p>&nbsp;<\/p>\n<p>Si necesitas m\u00e1s informaci\u00f3n, ponte en contacto con Facei :<\/p>\n<h4 class=\"et_pb_module_header\"><span>FACEI SL<\/span><\/h4>\n<div class=\"et_pb_blurb_description\">\n<p><span>Personas de contacto : Flor Romo \/ Alejandro Mateo<\/span><br \/><span>Email:\u00a0<\/span><a href=\"mailto:info@faceisl.com\">info@faceisl.com<\/a><br \/><span>Web:\u00a0<\/span><a href=\"http:\/\/www.faceisl.com\/\">www.faceisl.com<\/a><\/p>\n<p><span>Tel\u00e9fonos:<\/span><\/p>\n<p><span>917 39 34 22 \/ 629 18 89 19 \/<\/span><span>\u00a0659 44 45 12<\/span><\/p>\n<\/div>\n<p>[\/et_pb_text][\/et_pb_column][\/et_pb_row][\/et_pb_section]<\/p>\n","protected":false},"excerpt":{"rendered":"<p>Abierto plazo de inscripci\u00f3n Inscribe a nuestros campamentos a trav\u00e9s de la p\u00e1gina web de FACEI en el siguiente enlace: CAMPAMENTO DE NAVIDAD https:\/\/faceisl.playoffinformatica.com\/actividad\/23\/CAMPAMENTO-DE-NAVIDAD-LA-NAVIDAD-DE-TUS-SUENOS-2023\/ CAMPAMENTO DEPORTIVO DE NAVIDAD https:\/\/faceisl.playoffinformatica.com\/actividad\/24\/CAMPUS-DEPORTIVO-NAVIDENO-2023-2024\/ &nbsp; Si necesitas m\u00e1s informaci\u00f3n, ponte en contacto con Facei : FACEI SL Personas de contacto : Flor Romo \/ Alejandro MateoEmail:\u00a0info@faceisl.comWeb:\u00a0www.faceisl.com Tel\u00e9fonos: 917 39 34 [&hellip;]<\/p>\n","protected":false},"author":1,"featured_media":1064,"comment_status":"closed","ping_status":"closed","sticky":false,"template":"","format":"standard","meta":{"_et_pb_use_builder":"on","_et_pb_old_content":"","_et_gb_content_width":"1080","footnotes":""},"categories":[5],"tags":[],"class_list":["post-1052","post","type-post","status-publish","format-standard","has-post-thumbnail","hentry","category-ultimas-noticias"],"_links":{"self":[{"href":"https:\/\/ampacamilojosecela.es\/index.php\/wp-json\/wp\/v2\/posts\/1052","targetHints":{"allow":["GET"]}}],"collection":[{"href":"https:\/\/ampacamilojosecela.es\/index.php\/wp-json\/wp\/v2\/posts"}],"about":[{"href":"https:\/\/ampacamilojosecela.es\/index.php\/wp-json\/wp\/v2\/types\/post"}],"author":[{"embeddable":true,"href":"https:\/\/ampacamilojosecela.es\/index.php\/wp-json\/wp\/v2\/users\/1"}],"replies":[{"embeddable":true,"href":"https:\/\/ampacamilojosecela.es\/index.php\/wp-json\/wp\/v2\/comments?post=1052"}],"version-history":[{"count":5,"href":"https:\/\/ampacamilojosecela.es\/index.php\/wp-json\/wp\/v2\/posts\/1052\/revisions"}],"predecessor-version":[{"id":1066,"href":"https:\/\/ampacamilojosecela.es\/index.php\/wp-json\/wp\/v2\/posts\/1052\/revisions\/1066"}],"wp:featuredmedia":[{"embeddable":true,"href":"https:\/\/ampacamilojosecela.es\/index.php\/wp-json\/wp\/v2\/media\/1064"}],"wp:attachment":[{"href":"https:\/\/ampacamilojosecela.es\/index.php\/wp-json\/wp\/v2\/media?parent=1052"}],"wp:term":[{"taxonomy":"category","embeddable":true,"href":"https:\/\/ampacamilojosecela.es\/index.php\/wp-json\/wp\/v2\/categories?post=1052"},{"taxonomy":"post_tag","embeddable":true,"href":"https:\/\/ampacamilojosecela.es\/index.php\/wp-json\/wp\/v2\/tags?post=1052"}],"curies":[{"name":"wp","href":"https:\/\/api.w.org\/{rel}","templated":true}]}}