{"id":1018,"date":"2023-10-31T11:02:26","date_gmt":"2023-10-31T11:02:26","guid":{"rendered":"https:\/\/ampacamilojosecela.es\/?p=1018"},"modified":"2023-10-31T11:12:43","modified_gmt":"2023-10-31T11:12:43","slug":"el-ampa-se-hara-cargo-de-la-biblioteca-del-colegio-los-lunes-de-16-25-a-17-30","status":"publish","type":"post","link":"https:\/\/ampacamilojosecela.es\/index.php\/2023\/10\/31\/el-ampa-se-hara-cargo-de-la-biblioteca-del-colegio-los-lunes-de-16-25-a-17-30\/","title":{"rendered":"El AMPA se har\u00e1 cargo de la Biblioteca del Colegio los lunes de 16.25 a 17.30"},"content":{"rendered":"<p>[et_pb_section fb_built=\u00bb1&#8243; _builder_version=\u00bb4.21.0&#8243; _module_preset=\u00bbdefault\u00bb global_colors_info=\u00bb{}\u00bb][et_pb_row _builder_version=\u00bb4.21.0&#8243; _module_preset=\u00bbdefault\u00bb global_colors_info=\u00bb{}\u00bb][et_pb_column type=\u00bb4_4&#8243; _builder_version=\u00bb4.21.0&#8243; _module_preset=\u00bbdefault\u00bb global_colors_info=\u00bb{}\u00bb][et_pb_text _builder_version=\u00bb4.21.0&#8243; _module_preset=\u00bbdefault\u00bb global_colors_info=\u00bb{}\u00bb]<\/p>\n<p>Las bibliotecas escolares son una herramienta educativa de primer orden y un servicio a la comunidad escolar muy valioso. Es por ello, que el Manifiesto de la UNESCO sobre la biblioteca escolar recoge como uno de sus objetivos: \u201cFomentar la lectura y promover los recursos y servicios de la biblioteca escolar dentro y fuera del conjunto de la comunidad escolar.\u201d<\/p>\n<p>El pasado 10 de octubre, el Consejo Escolar aprob\u00f3 la propuesta del AMPA de hacerse cargo de la biblioteca del colegio los lunes de 16:25 a 17:30 h., tomando el relevo a la profesora encargada de la misma. De esta manera, varios miembros de la Junta Directiva del AMPA nos encargaremos de la biblioteca en esta franja de los lunes, con el objetivo de ampliar algo el horario de atenci\u00f3n a las familias, especialmente a aquellas que hacen uso de las extraescolares hasta las 17h. <br \/>El horario de la biblioteca fuera de la jornada escolar queda de esta manera: lunes de 16:05 a 17:30 y martes de 16:05 a 16:25 h. <br \/>Agradecemos al colegio y a la profesora encargada de la biblioteca su colaboraci\u00f3n para hacer posible este cambio que nos hace mucha ilusi\u00f3n. Os esperamos en este nuevo horario a partir del pr\u00f3ximo lunes 6 de noviembre.<\/p>\n<blockquote>\n<h3>\u00abSiempre imagin\u00e9 que el para\u00edso ser\u00eda alg\u00fan tipo de biblioteca\u00bb, Jorge Luis Borges.<\/h3>\n<\/blockquote>\n<p>[\/et_pb_text][\/et_pb_column][\/et_pb_row][\/et_pb_section]<\/p>\n","protected":false},"excerpt":{"rendered":"<p>Las bibliotecas escolares son una herramienta educativa de primer orden y un servicio a la comunidad escolar muy valioso. Es por ello, que el Manifiesto de la UNESCO sobre la biblioteca escolar recoge como uno de sus objetivos: \u201cFomentar la lectura y promover los recursos y servicios de la biblioteca escolar dentro y fuera del [&hellip;]<\/p>\n","protected":false},"author":1,"featured_media":1020,"comment_status":"open","ping_status":"open","sticky":false,"template":"","format":"standard","meta":{"_et_pb_use_builder":"on","_et_pb_old_content":"","_et_gb_content_width":"1080","footnotes":""},"categories":[5],"tags":[],"class_list":["post-1018","post","type-post","status-publish","format-standard","has-post-thumbnail","hentry","category-ultimas-noticias"],"_links":{"self":[{"href":"https:\/\/ampacamilojosecela.es\/index.php\/wp-json\/wp\/v2\/posts\/1018","targetHints":{"allow":["GET"]}}],"collection":[{"href":"https:\/\/ampacamilojosecela.es\/index.php\/wp-json\/wp\/v2\/posts"}],"about":[{"href":"https:\/\/ampacamilojosecela.es\/index.php\/wp-json\/wp\/v2\/types\/post"}],"author":[{"embeddable":true,"href":"https:\/\/ampacamilojosecela.es\/index.php\/wp-json\/wp\/v2\/users\/1"}],"replies":[{"embeddable":true,"href":"https:\/\/ampacamilojosecela.es\/index.php\/wp-json\/wp\/v2\/comments?post=1018"}],"version-history":[{"count":4,"href":"https:\/\/ampacamilojosecela.es\/index.php\/wp-json\/wp\/v2\/posts\/1018\/revisions"}],"predecessor-version":[{"id":1023,"href":"https:\/\/ampacamilojosecela.es\/index.php\/wp-json\/wp\/v2\/posts\/1018\/revisions\/1023"}],"wp:featuredmedia":[{"embeddable":true,"href":"https:\/\/ampacamilojosecela.es\/index.php\/wp-json\/wp\/v2\/media\/1020"}],"wp:attachment":[{"href":"https:\/\/ampacamilojosecela.es\/index.php\/wp-json\/wp\/v2\/media?parent=1018"}],"wp:term":[{"taxonomy":"category","embeddable":true,"href":"https:\/\/ampacamilojosecela.es\/index.php\/wp-json\/wp\/v2\/categories?post=1018"},{"taxonomy":"post_tag","embeddable":true,"href":"https:\/\/ampacamilojosecela.es\/index.php\/wp-json\/wp\/v2\/tags?post=1018"}],"curies":[{"name":"wp","href":"https:\/\/api.w.org\/{rel}","templated":true}]}}